{"id":7039,"date":"2025-08-19T14:13:10","date_gmt":"2025-08-19T20:13:10","guid":{"rendered":"https:\/\/veracruzanosexcepcionahles.com\/?p=7039"},"modified":"2025-08-19T14:13:13","modified_gmt":"2025-08-19T20:13:13","slug":"veracruz-distribuye-5-millones-de-medicamentos-con-las-camionetitas-de-la-salud-y-logra-83-de-cobertura-rocio-nahle","status":"publish","type":"post","link":"https:\/\/veracruzanosexcepcionahles.com\/index.php\/2025\/08\/19\/veracruz-distribuye-5-millones-de-medicamentos-con-las-camionetitas-de-la-salud-y-logra-83-de-cobertura-rocio-nahle\/","title":{"rendered":"Veracruz distribuye 5 millones de medicamentos con las Camionetitas de la Salud y logra 83 % de cobertura: Roc\u00edo Nahle"},"content":{"rendered":"\n<p>>Con Rutas de la Salud, se alcanzar\u00e1 esta misma semana el 100 % de abasto.<\/p>\n\n\n\n<figure class=\"wp-block-gallery has-nested-images columns-default is-cropped wp-block-gallery-1 is-layout-flex wp-block-gallery-is-layout-flex\">\n<figure class=\"wp-block-image size-large\"><img loading=\"lazy\" decoding=\"async\" width=\"1024\" height=\"683\" data-id=\"7040\" src=\"https:\/\/veracruzanosexcepcionahles.com\/wp-content\/uploads\/2025\/08\/WhatsApp-Image-2025-08-19-at-10.21.21-AM-1024x683.jpeg\" alt=\"\" class=\"wp-image-7040\" srcset=\"https:\/\/veracruzanosexcepcionahles.com\/wp-content\/uploads\/2025\/08\/WhatsApp-Image-2025-08-19-at-10.21.21-AM-1024x683.jpeg 1024w, https:\/\/veracruzanosexcepcionahles.com\/wp-content\/uploads\/2025\/08\/WhatsApp-Image-2025-08-19-at-10.21.21-AM-300x200.jpeg 300w, https:\/\/veracruzanosexcepcionahles.com\/wp-content\/uploads\/2025\/08\/WhatsApp-Image-2025-08-19-at-10.21.21-AM-768x512.jpeg 768w, https:\/\/veracruzanosexcepcionahles.com\/wp-content\/uploads\/2025\/08\/WhatsApp-Image-2025-08-19-at-10.21.21-AM-1536x1024.jpeg 1536w, https:\/\/veracruzanosexcepcionahles.com\/wp-content\/uploads\/2025\/08\/WhatsApp-Image-2025-08-19-at-10.21.21-AM-2048x1365.jpeg 2048w, https:\/\/veracruzanosexcepcionahles.com\/wp-content\/uploads\/2025\/08\/WhatsApp-Image-2025-08-19-at-10.21.21-AM-600x400.jpeg 600w\" sizes=\"auto, (max-width: 1024px) 100vw, 1024px\" \/><\/figure>\n\n\n\n<figure class=\"wp-block-image size-large\"><img loading=\"lazy\" decoding=\"async\" width=\"1024\" height=\"576\" data-id=\"7041\" src=\"https:\/\/veracruzanosexcepcionahles.com\/wp-content\/uploads\/2025\/08\/WhatsApp-Image-2025-08-19-at-10.20.02-AM-1024x576.jpeg\" alt=\"\" class=\"wp-image-7041\" srcset=\"https:\/\/veracruzanosexcepcionahles.com\/wp-content\/uploads\/2025\/08\/WhatsApp-Image-2025-08-19-at-10.20.02-AM-1024x576.jpeg 1024w, https:\/\/veracruzanosexcepcionahles.com\/wp-content\/uploads\/2025\/08\/WhatsApp-Image-2025-08-19-at-10.20.02-AM-300x169.jpeg 300w, https:\/\/veracruzanosexcepcionahles.com\/wp-content\/uploads\/2025\/08\/WhatsApp-Image-2025-08-19-at-10.20.02-AM-768x432.jpeg 768w, https:\/\/veracruzanosexcepcionahles.com\/wp-content\/uploads\/2025\/08\/WhatsApp-Image-2025-08-19-at-10.20.02-AM-1536x864.jpeg 1536w, https:\/\/veracruzanosexcepcionahles.com\/wp-content\/uploads\/2025\/08\/WhatsApp-Image-2025-08-19-at-10.20.02-AM-2048x1152.jpeg 2048w\" sizes=\"auto, (max-width: 1024px) 100vw, 1024px\" \/><\/figure>\n<\/figure>\n\n\n\n<p><strong>Xalapa, Ver., martes 19 de agosto de 2025.-<\/strong> El Gobierno de M\u00e9xico puso en marcha el programa Rutas de la Salud, estrategia nacional de distribuci\u00f3n de medicamentos que tiene su origen en Veracruz, donde la gobernadora Roc\u00edo Nahle Garc\u00eda implement\u00f3 el modelo de las Camionetitas de la Salud.<\/p>\n\n\n\n<p>En enlace con la Conferencia del Pueblo, la Mandataria inform\u00f3 que con la incorporaci\u00f3n de 29 nuevas unidades de Rutas de la Salud, la entidad alcanzar\u00e1 pr\u00e1cticamente el 100 % de cobertura durante esta semana, a partir de ello mantendr\u00e1 inventarios revisados semanalmente garantizando que no falten las claves en los hospitales y centros de salud.<\/p>\n\n\n\n<p>Desde el almac\u00e9n central de la Secretar\u00eda de Salud destac\u00f3 que, con el modelo iniciado en diciembre y en los \u00faltimos tres meses, se han entregado m\u00e1s de cinco millones de piezas, logrando un 83% de cobertura en 212 municipios, 816 centros de salud, 60 hospitales y 4 oncol\u00f3gicos.<\/p>\n\n\n\n<p>En la misma transmisi\u00f3n, el director general del IMSS-Bienestar, Alejandro Svarch P\u00e9rez, subray\u00f3 que las Rutas de la Salud representan la estrategia m\u00e1s trascendente en materia de abasto desde la creaci\u00f3n de la instituci\u00f3n.<\/p>\n\n\n\n<p>\u201cEs mucho m\u00e1s que un modelo de distribuci\u00f3n, es la garant\u00eda de que cada m\u00e9dico cuente con lo necesario y que cada paciente encuentre lo que requiere en su consulta. Con paquetes log\u00edsticos homologados de 147 medicamentos por unidad, aseguramos un abasto completo y continuo cada mes en todas las cl\u00ednicas del IMSS-Bienestar\u201d.<\/p>\n\n\n\n<p>Precis\u00f3 que en la \u00faltima semana se prepararon m\u00e1s de 10 mil paquetes con 15 millones de piezas de medicamentos y material de curaci\u00f3n, que entre hoy y el s\u00e1bado 23 de agosto ser\u00e1n distribuidos en las 23 entidades participantes.<\/p>\n\n\n\n<p>Cada kit contiene f\u00e1rmacos esenciales \u2014como antihipertensivos, analg\u00e9sicos e hipoglucemiantes\u2014 en un volumen estandarizado equivalente a la demanda mensual de cada centro de salud, garantizando un suministro estable, permanente y gratuito para la poblaci\u00f3n.<\/p>\n","protected":false},"excerpt":{"rendered":"<p>>Con Rutas de la Salud, se alcanzar\u00e1 esta misma semana el 100 % de abasto. Xalapa, Ver., martes 19 de agosto de 2025.- El Gobierno de M\u00e9xico puso en marcha el programa Rutas de la Salud, estrategia nacional de distribuci\u00f3n de medicamentos que tiene su origen en Veracruz, donde la gobernadora Roc\u00edo Nahle Garc\u00eda implement\u00f3&#8230;<\/p>\n","protected":false},"author":2,"featured_media":7043,"comment_status":"closed","ping_status":"closed","sticky":false,"template":"","format":"standard","meta":{"_jetpack_memberships_contains_paid_content":false,"footnotes":"","jetpack_publicize_message":"","jetpack_publicize_feature_enabled":true,"jetpack_social_post_already_shared":true,"jetpack_social_options":{"image_generator_settings":{"template":"highway","default_image_id":0,"font":"","enabled":false},"version":2}},"categories":[23],"tags":[],"class_list":["post-7039","post","type-post","status-publish","format-standard","has-post-thumbnail","hentry","category-actividadesnahle"],"jetpack_publicize_connections":[],"jetpack_featured_media_url":"https:\/\/veracruzanosexcepcionahles.com\/wp-content\/uploads\/2025\/08\/WhatsApp-Image-2025-08-19-at-10.06.12-AM.jpeg","jetpack_sharing_enabled":true,"jetpack_likes_enabled":true,"jetpack_shortlink":"https:\/\/wp.me\/pe8dhK-1Px","_links":{"self":[{"href":"https:\/\/veracruzanosexcepcionahles.com\/index.php\/wp-json\/wp\/v2\/posts\/7039","targetHints":{"allow":["GET"]}}],"collection":[{"href":"https:\/\/veracruzanosexcepcionahles.com\/index.php\/wp-json\/wp\/v2\/posts"}],"about":[{"href":"https:\/\/veracruzanosexcepcionahles.com\/index.php\/wp-json\/wp\/v2\/types\/post"}],"author":[{"embeddable":true,"href":"https:\/\/veracruzanosexcepcionahles.com\/index.php\/wp-json\/wp\/v2\/users\/2"}],"replies":[{"embeddable":true,"href":"https:\/\/veracruzanosexcepcionahles.com\/index.php\/wp-json\/wp\/v2\/comments?post=7039"}],"version-history":[{"count":1,"href":"https:\/\/veracruzanosexcepcionahles.com\/index.php\/wp-json\/wp\/v2\/posts\/7039\/revisions"}],"predecessor-version":[{"id":7044,"href":"https:\/\/veracruzanosexcepcionahles.com\/index.php\/wp-json\/wp\/v2\/posts\/7039\/revisions\/7044"}],"wp:featuredmedia":[{"embeddable":true,"href":"https:\/\/veracruzanosexcepcionahles.com\/index.php\/wp-json\/wp\/v2\/media\/7043"}],"wp:attachment":[{"href":"https:\/\/veracruzanosexcepcionahles.com\/index.php\/wp-json\/wp\/v2\/media?parent=7039"}],"wp:term":[{"taxonomy":"category","embeddable":true,"href":"https:\/\/veracruzanosexcepcionahles.com\/index.php\/wp-json\/wp\/v2\/categories?post=7039"},{"taxonomy":"post_tag","embeddable":true,"href":"https:\/\/veracruzanosexcepcionahles.com\/index.php\/wp-json\/wp\/v2\/tags?post=7039"}],"curies":[{"name":"wp","href":"https:\/\/api.w.org\/{rel}","templated":true}]}}