{"id":7010,"date":"2025-08-17T23:32:07","date_gmt":"2025-08-18T05:32:07","guid":{"rendered":"https:\/\/veracruzanosexcepcionahles.com\/?p=7010"},"modified":"2025-08-17T23:32:27","modified_gmt":"2025-08-18T05:32:27","slug":"el-arte-veracruzano-brilla-en-el-festival-del-mar-rocio-nahle-recorre-la-casa-de-la-cultura","status":"publish","type":"post","link":"https:\/\/veracruzanosexcepcionahles.com\/index.php\/2025\/08\/17\/el-arte-veracruzano-brilla-en-el-festival-del-mar-rocio-nahle-recorre-la-casa-de-la-cultura\/","title":{"rendered":"El arte veracruzano brilla en el Festival del Mar, Roc\u00edo Nahle recorre la Casa de la Cultura"},"content":{"rendered":"\n<figure class=\"wp-block-gallery has-nested-images columns-default is-cropped wp-block-gallery-1 is-layout-flex wp-block-gallery-is-layout-flex\">\n<figure class=\"wp-block-image size-large\"><img loading=\"lazy\" decoding=\"async\" width=\"1024\" height=\"683\" data-id=\"7008\" src=\"https:\/\/veracruzanosexcepcionahles.com\/wp-content\/uploads\/2025\/08\/WhatsApp-Image-2025-08-17-at-4.59.19-PM-1024x683.jpeg\" alt=\"\" class=\"wp-image-7008\" srcset=\"https:\/\/veracruzanosexcepcionahles.com\/wp-content\/uploads\/2025\/08\/WhatsApp-Image-2025-08-17-at-4.59.19-PM-1024x683.jpeg 1024w, https:\/\/veracruzanosexcepcionahles.com\/wp-content\/uploads\/2025\/08\/WhatsApp-Image-2025-08-17-at-4.59.19-PM-300x200.jpeg 300w, https:\/\/veracruzanosexcepcionahles.com\/wp-content\/uploads\/2025\/08\/WhatsApp-Image-2025-08-17-at-4.59.19-PM-768x512.jpeg 768w, https:\/\/veracruzanosexcepcionahles.com\/wp-content\/uploads\/2025\/08\/WhatsApp-Image-2025-08-17-at-4.59.19-PM-600x400.jpeg 600w, https:\/\/veracruzanosexcepcionahles.com\/wp-content\/uploads\/2025\/08\/WhatsApp-Image-2025-08-17-at-4.59.19-PM.jpeg 1280w\" sizes=\"auto, (max-width: 1024px) 100vw, 1024px\" \/><\/figure>\n\n\n\n<figure class=\"wp-block-image size-large\"><img loading=\"lazy\" decoding=\"async\" width=\"1024\" height=\"683\" data-id=\"7007\" src=\"https:\/\/veracruzanosexcepcionahles.com\/wp-content\/uploads\/2025\/08\/WhatsApp-Image-2025-08-17-at-5.00.53-PM-1024x683.jpeg\" alt=\"\" class=\"wp-image-7007\" srcset=\"https:\/\/veracruzanosexcepcionahles.com\/wp-content\/uploads\/2025\/08\/WhatsApp-Image-2025-08-17-at-5.00.53-PM-1024x683.jpeg 1024w, https:\/\/veracruzanosexcepcionahles.com\/wp-content\/uploads\/2025\/08\/WhatsApp-Image-2025-08-17-at-5.00.53-PM-300x200.jpeg 300w, https:\/\/veracruzanosexcepcionahles.com\/wp-content\/uploads\/2025\/08\/WhatsApp-Image-2025-08-17-at-5.00.53-PM-768x512.jpeg 768w, https:\/\/veracruzanosexcepcionahles.com\/wp-content\/uploads\/2025\/08\/WhatsApp-Image-2025-08-17-at-5.00.53-PM-1536x1024.jpeg 1536w, https:\/\/veracruzanosexcepcionahles.com\/wp-content\/uploads\/2025\/08\/WhatsApp-Image-2025-08-17-at-5.00.53-PM-2048x1365.jpeg 2048w, https:\/\/veracruzanosexcepcionahles.com\/wp-content\/uploads\/2025\/08\/WhatsApp-Image-2025-08-17-at-5.00.53-PM-600x400.jpeg 600w\" sizes=\"auto, (max-width: 1024px) 100vw, 1024px\" \/><\/figure>\n\n\n\n<figure class=\"wp-block-image size-large\"><img loading=\"lazy\" decoding=\"async\" width=\"1024\" height=\"682\" data-id=\"7006\" src=\"https:\/\/veracruzanosexcepcionahles.com\/wp-content\/uploads\/2025\/08\/WhatsApp-Image-2025-08-17-at-5.03.59-PM-1024x682.jpeg\" alt=\"\" class=\"wp-image-7006\" srcset=\"https:\/\/veracruzanosexcepcionahles.com\/wp-content\/uploads\/2025\/08\/WhatsApp-Image-2025-08-17-at-5.03.59-PM-1024x682.jpeg 1024w, https:\/\/veracruzanosexcepcionahles.com\/wp-content\/uploads\/2025\/08\/WhatsApp-Image-2025-08-17-at-5.03.59-PM-300x200.jpeg 300w, https:\/\/veracruzanosexcepcionahles.com\/wp-content\/uploads\/2025\/08\/WhatsApp-Image-2025-08-17-at-5.03.59-PM-768x512.jpeg 768w, https:\/\/veracruzanosexcepcionahles.com\/wp-content\/uploads\/2025\/08\/WhatsApp-Image-2025-08-17-at-5.03.59-PM-600x400.jpeg 600w, https:\/\/veracruzanosexcepcionahles.com\/wp-content\/uploads\/2025\/08\/WhatsApp-Image-2025-08-17-at-5.03.59-PM.jpeg 1280w\" sizes=\"auto, (max-width: 1024px) 100vw, 1024px\" \/><\/figure>\n\n\n\n<figure class=\"wp-block-image size-large\"><img loading=\"lazy\" decoding=\"async\" width=\"1024\" height=\"684\" data-id=\"7005\" src=\"https:\/\/veracruzanosexcepcionahles.com\/wp-content\/uploads\/2025\/08\/WhatsApp-Image-2025-08-17-at-5.04.05-PM-1024x684.jpeg\" alt=\"\" class=\"wp-image-7005\" srcset=\"https:\/\/veracruzanosexcepcionahles.com\/wp-content\/uploads\/2025\/08\/WhatsApp-Image-2025-08-17-at-5.04.05-PM-1024x684.jpeg 1024w, https:\/\/veracruzanosexcepcionahles.com\/wp-content\/uploads\/2025\/08\/WhatsApp-Image-2025-08-17-at-5.04.05-PM-300x200.jpeg 300w, https:\/\/veracruzanosexcepcionahles.com\/wp-content\/uploads\/2025\/08\/WhatsApp-Image-2025-08-17-at-5.04.05-PM-768x513.jpeg 768w, https:\/\/veracruzanosexcepcionahles.com\/wp-content\/uploads\/2025\/08\/WhatsApp-Image-2025-08-17-at-5.04.05-PM-1536x1025.jpeg 1536w, https:\/\/veracruzanosexcepcionahles.com\/wp-content\/uploads\/2025\/08\/WhatsApp-Image-2025-08-17-at-5.04.05-PM-600x400.jpeg 600w, https:\/\/veracruzanosexcepcionahles.com\/wp-content\/uploads\/2025\/08\/WhatsApp-Image-2025-08-17-at-5.04.05-PM.jpeg 1600w\" sizes=\"auto, (max-width: 1024px) 100vw, 1024px\" \/><\/figure>\n<\/figure>\n\n\n\n<p><strong>Coatzacoalcos, Ver., domingo 17 de agosto de 2025.-<\/strong> En un ambiente lleno de color, tradici\u00f3n y talento local, la gobernadora Roc\u00edo Nahle Garc\u00eda realiz\u00f3 esta ma\u00f1ana un recorrido por la Casa de la Cultura y las Escolleras del Malec\u00f3n, acompa\u00f1ada por las escritoras Laura Esquivel y Sabina Berman, en un gesto de respaldo al arte popular y a los productores veracruzanos.<\/p>\n\n\n\n<p>Durante la visita, en el tercer d\u00eda del Festival del Mar, la mandataria admir\u00f3 y reconoci\u00f3 la riqueza de las piezas elaboradas por artesanos de Coatzacoalcos, Minatitl\u00e1n, Mecayapan, Tatahuicapan, Hueyapan de Ocampo y J\u00e1ltipan, quienes presentaron una amplia gama de productos que reflejan la identidad y diversidad cultural del estado.<\/p>\n\n\n\n<p>Entre los art\u00edculos exhibidos destacaron bordados tradicionales, joyer\u00eda artesanal, miel y sus derivados, bebidas t\u00edpicas como el torito, y durante el recorrido se presentaron las agrupaciones Casa Sotaventina de Loma Bonita, Oaxaca, y Los P\u00e1jaros del Alba de Cosoleacaque.<\/p>\n\n\n\n<p>En su visita por la zona costera, la gobernadora subray\u00f3 la importancia de fortalecer los espacios de promoci\u00f3n cultural como motores de desarrollo econ\u00f3mico para la regi\u00f3n. Le acompa\u00f1aron los secretarios de Cultura, X\u00f3chitl Molina Gonz\u00e1lez; de Turismo, Igor Roj\u00ed L\u00f3pez; y de Protecci\u00f3n Civil, Guadalupe Osorno Maldonado.<\/p>\n","protected":false},"excerpt":{"rendered":"<p>Coatzacoalcos, Ver., domingo 17 de agosto de 2025.- En un ambiente lleno de color, tradici\u00f3n y talento local, la gobernadora Roc\u00edo Nahle Garc\u00eda realiz\u00f3 esta ma\u00f1ana un recorrido por la Casa de la Cultura y las Escolleras del Malec\u00f3n, acompa\u00f1ada por las escritoras Laura Esquivel y Sabina Berman, en un gesto de respaldo al arte&#8230;<\/p>\n","protected":false},"author":2,"featured_media":0,"comment_status":"closed","ping_status":"closed","sticky":false,"template":"","format":"standard","meta":{"_jetpack_memberships_contains_paid_content":false,"footnotes":"","jetpack_publicize_message":"","jetpack_publicize_feature_enabled":true,"jetpack_social_post_already_shared":true,"jetpack_social_options":{"image_generator_settings":{"template":"highway","default_image_id":0,"font":"","enabled":false},"version":2}},"categories":[23],"tags":[],"class_list":["post-7010","post","type-post","status-publish","format-standard","hentry","category-actividadesnahle"],"jetpack_publicize_connections":[],"jetpack_featured_media_url":"","jetpack_sharing_enabled":true,"jetpack_likes_enabled":true,"jetpack_shortlink":"https:\/\/wp.me\/pe8dhK-1P4","_links":{"self":[{"href":"https:\/\/veracruzanosexcepcionahles.com\/index.php\/wp-json\/wp\/v2\/posts\/7010","targetHints":{"allow":["GET"]}}],"collection":[{"href":"https:\/\/veracruzanosexcepcionahles.com\/index.php\/wp-json\/wp\/v2\/posts"}],"about":[{"href":"https:\/\/veracruzanosexcepcionahles.com\/index.php\/wp-json\/wp\/v2\/types\/post"}],"author":[{"embeddable":true,"href":"https:\/\/veracruzanosexcepcionahles.com\/index.php\/wp-json\/wp\/v2\/users\/2"}],"replies":[{"embeddable":true,"href":"https:\/\/veracruzanosexcepcionahles.com\/index.php\/wp-json\/wp\/v2\/comments?post=7010"}],"version-history":[{"count":1,"href":"https:\/\/veracruzanosexcepcionahles.com\/index.php\/wp-json\/wp\/v2\/posts\/7010\/revisions"}],"predecessor-version":[{"id":7011,"href":"https:\/\/veracruzanosexcepcionahles.com\/index.php\/wp-json\/wp\/v2\/posts\/7010\/revisions\/7011"}],"wp:attachment":[{"href":"https:\/\/veracruzanosexcepcionahles.com\/index.php\/wp-json\/wp\/v2\/media?parent=7010"}],"wp:term":[{"taxonomy":"category","embeddable":true,"href":"https:\/\/veracruzanosexcepcionahles.com\/index.php\/wp-json\/wp\/v2\/categories?post=7010"},{"taxonomy":"post_tag","embeddable":true,"href":"https:\/\/veracruzanosexcepcionahles.com\/index.php\/wp-json\/wp\/v2\/tags?post=7010"}],"curies":[{"name":"wp","href":"https:\/\/api.w.org\/{rel}","templated":true}]}}