{"id":6985,"date":"2025-08-15T23:56:12","date_gmt":"2025-08-16T05:56:12","guid":{"rendered":"https:\/\/veracruzanosexcepcionahles.com\/?p=6985"},"modified":"2025-08-15T23:56:14","modified_gmt":"2025-08-16T05:56:14","slug":"justicia-bienestar-y-seguridad-deben-caminar-de-la-mano-rocio-nahle","status":"publish","type":"post","link":"https:\/\/veracruzanosexcepcionahles.com\/index.php\/2025\/08\/15\/justicia-bienestar-y-seguridad-deben-caminar-de-la-mano-rocio-nahle\/","title":{"rendered":"Justicia, bienestar y seguridad deben caminar de la mano: Roc\u00edo Nahle"},"content":{"rendered":"\n<p>>Destaca hist\u00f3rica reforma judicial y su impacto democr\u00e1tico en M\u00e9xico.<\/p>\n\n\n\n<figure class=\"wp-block-gallery has-nested-images columns-default is-cropped wp-block-gallery-1 is-layout-flex wp-block-gallery-is-layout-flex\">\n<figure class=\"wp-block-image size-large\"><img loading=\"lazy\" decoding=\"async\" width=\"1024\" height=\"683\" data-id=\"6986\" src=\"https:\/\/veracruzanosexcepcionahles.com\/wp-content\/uploads\/2025\/08\/WhatsApp-Image-2025-08-15-at-2.49.34-PM-1024x683.jpeg\" alt=\"\" class=\"wp-image-6986\" srcset=\"https:\/\/veracruzanosexcepcionahles.com\/wp-content\/uploads\/2025\/08\/WhatsApp-Image-2025-08-15-at-2.49.34-PM-1024x683.jpeg 1024w, https:\/\/veracruzanosexcepcionahles.com\/wp-content\/uploads\/2025\/08\/WhatsApp-Image-2025-08-15-at-2.49.34-PM-300x200.jpeg 300w, https:\/\/veracruzanosexcepcionahles.com\/wp-content\/uploads\/2025\/08\/WhatsApp-Image-2025-08-15-at-2.49.34-PM-768x512.jpeg 768w, https:\/\/veracruzanosexcepcionahles.com\/wp-content\/uploads\/2025\/08\/WhatsApp-Image-2025-08-15-at-2.49.34-PM-600x400.jpeg 600w, https:\/\/veracruzanosexcepcionahles.com\/wp-content\/uploads\/2025\/08\/WhatsApp-Image-2025-08-15-at-2.49.34-PM.jpeg 1280w\" sizes=\"auto, (max-width: 1024px) 100vw, 1024px\" \/><\/figure>\n\n\n\n<figure class=\"wp-block-image size-large\"><img loading=\"lazy\" decoding=\"async\" width=\"1024\" height=\"576\" data-id=\"6987\" src=\"https:\/\/veracruzanosexcepcionahles.com\/wp-content\/uploads\/2025\/08\/WhatsApp-Image-2025-08-15-at-2.50.03-PM-1-1024x576.jpeg\" alt=\"\" class=\"wp-image-6987\" srcset=\"https:\/\/veracruzanosexcepcionahles.com\/wp-content\/uploads\/2025\/08\/WhatsApp-Image-2025-08-15-at-2.50.03-PM-1-1024x576.jpeg 1024w, https:\/\/veracruzanosexcepcionahles.com\/wp-content\/uploads\/2025\/08\/WhatsApp-Image-2025-08-15-at-2.50.03-PM-1-300x169.jpeg 300w, https:\/\/veracruzanosexcepcionahles.com\/wp-content\/uploads\/2025\/08\/WhatsApp-Image-2025-08-15-at-2.50.03-PM-1-768x432.jpeg 768w, https:\/\/veracruzanosexcepcionahles.com\/wp-content\/uploads\/2025\/08\/WhatsApp-Image-2025-08-15-at-2.50.03-PM-1-1536x864.jpeg 1536w, https:\/\/veracruzanosexcepcionahles.com\/wp-content\/uploads\/2025\/08\/WhatsApp-Image-2025-08-15-at-2.50.03-PM-1-2048x1152.jpeg 2048w\" sizes=\"auto, (max-width: 1024px) 100vw, 1024px\" \/><\/figure>\n\n\n\n<figure class=\"wp-block-image size-large\"><img loading=\"lazy\" decoding=\"async\" width=\"1024\" height=\"576\" data-id=\"6988\" src=\"https:\/\/veracruzanosexcepcionahles.com\/wp-content\/uploads\/2025\/08\/WhatsApp-Image-2025-08-15-at-2.50.05-PM-1024x576.jpeg\" alt=\"\" class=\"wp-image-6988\" srcset=\"https:\/\/veracruzanosexcepcionahles.com\/wp-content\/uploads\/2025\/08\/WhatsApp-Image-2025-08-15-at-2.50.05-PM-1024x576.jpeg 1024w, https:\/\/veracruzanosexcepcionahles.com\/wp-content\/uploads\/2025\/08\/WhatsApp-Image-2025-08-15-at-2.50.05-PM-300x169.jpeg 300w, https:\/\/veracruzanosexcepcionahles.com\/wp-content\/uploads\/2025\/08\/WhatsApp-Image-2025-08-15-at-2.50.05-PM-768x432.jpeg 768w, https:\/\/veracruzanosexcepcionahles.com\/wp-content\/uploads\/2025\/08\/WhatsApp-Image-2025-08-15-at-2.50.05-PM-1536x864.jpeg 1536w, https:\/\/veracruzanosexcepcionahles.com\/wp-content\/uploads\/2025\/08\/WhatsApp-Image-2025-08-15-at-2.50.05-PM-2048x1152.jpeg 2048w\" sizes=\"auto, (max-width: 1024px) 100vw, 1024px\" \/><\/figure>\n\n\n\n<figure class=\"wp-block-image size-large\"><img loading=\"lazy\" decoding=\"async\" width=\"1024\" height=\"682\" data-id=\"6989\" src=\"https:\/\/veracruzanosexcepcionahles.com\/wp-content\/uploads\/2025\/08\/WhatsApp-Image-2025-08-15-at-2.46.56-PM-1024x682.jpeg\" alt=\"\" class=\"wp-image-6989\" srcset=\"https:\/\/veracruzanosexcepcionahles.com\/wp-content\/uploads\/2025\/08\/WhatsApp-Image-2025-08-15-at-2.46.56-PM-1024x682.jpeg 1024w, https:\/\/veracruzanosexcepcionahles.com\/wp-content\/uploads\/2025\/08\/WhatsApp-Image-2025-08-15-at-2.46.56-PM-300x200.jpeg 300w, https:\/\/veracruzanosexcepcionahles.com\/wp-content\/uploads\/2025\/08\/WhatsApp-Image-2025-08-15-at-2.46.56-PM-768x512.jpeg 768w, https:\/\/veracruzanosexcepcionahles.com\/wp-content\/uploads\/2025\/08\/WhatsApp-Image-2025-08-15-at-2.46.56-PM-600x400.jpeg 600w, https:\/\/veracruzanosexcepcionahles.com\/wp-content\/uploads\/2025\/08\/WhatsApp-Image-2025-08-15-at-2.46.56-PM.jpeg 1280w\" sizes=\"auto, (max-width: 1024px) 100vw, 1024px\" \/><\/figure>\n<\/figure>\n\n\n\n<p><strong>Minatitl\u00e1n, Ver., viernes 15 de agosto de 2025.- <\/strong>La gobernadora Roc\u00edo Nahle Garc\u00eda, fue invitada de honor a la inauguraci\u00f3n de la Ciudad Judicial de Minatitl\u00e1n del Poder Judicial del Estado, que beneficiar\u00e1 a m\u00e1s de 359 mil habitantes del sur, agilizando los procesos y garantizando espacios dignos.<\/p>\n\n\n\n<p>En su mensaje, destac\u00f3 que la justicia, el bienestar y la seguridad son pilares que deben avanzar de manera coordinada, reconociendo la importancia de contar con mejores instalaciones que faciliten tr\u00e1mites y atenci\u00f3n para quienes ejercen la abogac\u00eda y sirven a la ciudadan\u00eda.<\/p>\n\n\n\n<p>\u201cEste espacio es significativo para agilizar la atenci\u00f3n y garantizar que los veracruzanos y veracruzanas reciban una justicia pronta y expedita, el orden va de la mano con la seguridad y la justicia, y para ello los poderes Ejecutivo, Legislativo y Judicial debemos trabajar en coordinaci\u00f3n, siempre con resultados para la sociedad\u201d.<\/p>\n\n\n\n<p>La jefa del Ejecutivo reconoci\u00f3 el trabajo de la magistrada presidenta Lisbeth Aurelia Jim\u00e9nez Aguirre, quien ha conducido con profesionalismo, experiencia y compromiso el Poder durante los \u00faltimos tres a\u00f1os, clave en fortalecer la coordinaci\u00f3n interinstitucional y modernizar el sistema de justicia.<\/p>\n\n\n\n<p>Adem\u00e1s, desde Minatitl\u00e1n, resalt\u00f3 que, gracias a esta visi\u00f3n, la regi\u00f3n sur avanza tambi\u00e9n en la construcci\u00f3n de la Ciudad Judicial de Coatzacoalcos, una obra largamente esperada que atender\u00e1 la urgente necesidad de acercar los servicios jurisdiccionales a la poblaci\u00f3n.<\/p>\n\n\n\n<p>La Magistrada Presidenta subray\u00f3 que este nuevo complejo representa \u201cla consolidaci\u00f3n de un compromiso institucional con la legalidad, la dignidad y la cercan\u00eda con nuestra gente\u201d, adem\u00e1s de ser un s\u00edmbolo de confianza y paz para la poblaci\u00f3n.<\/p>\n\n\n\n<p>La Ciudad Judicial de Minatitl\u00e1n albergar\u00e1 los juzgados Cuarto, Decimosegundo y de Control, modernizando los servicios y reduciendo tiempos procesales para habitantes de m\u00e1s de 15 municipios.<\/p>\n\n\n\n<p>Al corte de list\u00f3n se sumaron la senadora Raquel Bonilla Herrera; las diputadas Naomi Edith G\u00f3mez Santos y Victoria Hern\u00e1ndez, as\u00ed como la alcaldesa de Minatitl\u00e1n, Carmen Medel Palma, entre otras autoridades del ambiente legal.<\/p>\n","protected":false},"excerpt":{"rendered":"<p>>Destaca hist\u00f3rica reforma judicial y su impacto democr\u00e1tico en M\u00e9xico. Minatitl\u00e1n, Ver., viernes 15 de agosto de 2025.- La gobernadora Roc\u00edo Nahle Garc\u00eda, fue invitada de honor a la inauguraci\u00f3n de la Ciudad Judicial de Minatitl\u00e1n del Poder Judicial del Estado, que beneficiar\u00e1 a m\u00e1s de 359 mil habitantes del sur, agilizando los procesos y&#8230;<\/p>\n","protected":false},"author":2,"featured_media":6989,"comment_status":"closed","ping_status":"closed","sticky":false,"template":"","format":"standard","meta":{"_jetpack_memberships_contains_paid_content":false,"footnotes":"","jetpack_publicize_message":"","jetpack_publicize_feature_enabled":true,"jetpack_social_post_already_shared":true,"jetpack_social_options":{"image_generator_settings":{"template":"highway","default_image_id":0,"font":"","enabled":false},"version":2}},"categories":[23],"tags":[],"class_list":["post-6985","post","type-post","status-publish","format-standard","has-post-thumbnail","hentry","category-actividadesnahle"],"jetpack_publicize_connections":[],"jetpack_featured_media_url":"https:\/\/veracruzanosexcepcionahles.com\/wp-content\/uploads\/2025\/08\/WhatsApp-Image-2025-08-15-at-2.46.56-PM.jpeg","jetpack_sharing_enabled":true,"jetpack_likes_enabled":true,"jetpack_shortlink":"https:\/\/wp.me\/pe8dhK-1OF","_links":{"self":[{"href":"https:\/\/veracruzanosexcepcionahles.com\/index.php\/wp-json\/wp\/v2\/posts\/6985","targetHints":{"allow":["GET"]}}],"collection":[{"href":"https:\/\/veracruzanosexcepcionahles.com\/index.php\/wp-json\/wp\/v2\/posts"}],"about":[{"href":"https:\/\/veracruzanosexcepcionahles.com\/index.php\/wp-json\/wp\/v2\/types\/post"}],"author":[{"embeddable":true,"href":"https:\/\/veracruzanosexcepcionahles.com\/index.php\/wp-json\/wp\/v2\/users\/2"}],"replies":[{"embeddable":true,"href":"https:\/\/veracruzanosexcepcionahles.com\/index.php\/wp-json\/wp\/v2\/comments?post=6985"}],"version-history":[{"count":1,"href":"https:\/\/veracruzanosexcepcionahles.com\/index.php\/wp-json\/wp\/v2\/posts\/6985\/revisions"}],"predecessor-version":[{"id":6990,"href":"https:\/\/veracruzanosexcepcionahles.com\/index.php\/wp-json\/wp\/v2\/posts\/6985\/revisions\/6990"}],"wp:featuredmedia":[{"embeddable":true,"href":"https:\/\/veracruzanosexcepcionahles.com\/index.php\/wp-json\/wp\/v2\/media\/6989"}],"wp:attachment":[{"href":"https:\/\/veracruzanosexcepcionahles.com\/index.php\/wp-json\/wp\/v2\/media?parent=6985"}],"wp:term":[{"taxonomy":"category","embeddable":true,"href":"https:\/\/veracruzanosexcepcionahles.com\/index.php\/wp-json\/wp\/v2\/categories?post=6985"},{"taxonomy":"post_tag","embeddable":true,"href":"https:\/\/veracruzanosexcepcionahles.com\/index.php\/wp-json\/wp\/v2\/tags?post=6985"}],"curies":[{"name":"wp","href":"https:\/\/api.w.org\/{rel}","templated":true}]}}