{"id":6958,"date":"2025-08-14T00:35:18","date_gmt":"2025-08-14T06:35:18","guid":{"rendered":"https:\/\/veracruzanosexcepcionahles.com\/?p=6958"},"modified":"2025-08-14T00:35:21","modified_gmt":"2025-08-14T06:35:21","slug":"gobierno-de-veracruz-presenta-programa-cultural-del-festival-del-mar","status":"publish","type":"post","link":"https:\/\/veracruzanosexcepcionahles.com\/index.php\/2025\/08\/14\/gobierno-de-veracruz-presenta-programa-cultural-del-festival-del-mar\/","title":{"rendered":"Gobierno de Veracruz presenta programa cultural del Festival del Mar"},"content":{"rendered":"\n<p>>Entrada gratuita a todas las actividades culturales, art\u00edsticas y conferencias magistrales.<\/p>\n\n\n\n<p><strong>Coatzacoalcos, Ver., mi\u00e9rcoles 13 de agosto de 2025.-<\/strong> Con un variado programa que incluye m\u00fasica, danza, literatura, talleres, conferencias magistrales y exposiciones de artes visuales, el Gobierno del Estado reitera la invitaci\u00f3n a disfrutar del Festival del Mar en Coatzacoalcos, que se llevar\u00e1 a cabo del 15 al 17 de agosto en la Casa de la Cultura y en el Centro de Convenciones de Coatzacoalcos, con entrada gratuita.<\/p>\n\n\n\n<p>El viernes, en la Casa de la Cultura, a partir de las 15:00 horas, se presentar\u00e1n la arpista Adolfina Nava y su Pasi\u00f3n Jarocha; el Ensamble de Marimba Maderas que Cantan y Danza Arrieros y Morenos; la Compa\u00f1\u00eda de Danza Alma de M\u00e9xico; el Ensamble Regional de Danza; Odisea la Orquesta, y Kael, Arantxa Ocampo y Eder Cabrera.<\/p>\n\n\n\n<p>El s\u00e1bado, las compa\u00f1\u00edas de danza Huitzilin Opochtli, Marimba Infantil Olmeca, Danza Cayele, Cuauhtli, Puerto M\u00e9xico y Zonarte 19; as\u00ed como las agrupaciones Tatzozona y Jaraneros Son de Aqu\u00ed.<\/p>\n\n\n\n<p>El domingo, Son Jarocho Tradicional P\u00e1jaros del Alba, Marimba Chogostera, Compa\u00f1\u00eda de Danza de Coatzacoalcos, Lluvia de San Juan Son Jarocho, Semilleros de Cosoleacaque y Grupo Casa Sotaventina.<\/p>\n\n\n\n<p>En ese mismo recinto, durante los tres d\u00edas, de 11:00 a 18:00 horas, se impartir\u00e1n talleres de zapateado, papalote y pintura; adem\u00e1s de conversatorios, presentaciones de libros y cuentacuentos.<\/p>\n\n\n\n<p>En el Centro de Convenciones de Coatzacoalcos, a las 11:00 horas, tendr\u00e1n lugar las conferencias magistrales de Farid Dieck, con La Inspiraci\u00f3n Existe, el viernes; Lenia Batres y Sabina Berman, con Mujeres y Poder, el s\u00e1bado, y Laura Esquivel, el domingo; as\u00ed como exposiciones de artes visuales de diversos autores.<\/p>\n\n\n\n<p>La titular de la Secretar\u00eda de Cultura de Veracruz (SECVER), X\u00f3chitl Molina Gonz\u00e1lez, sostuvo este d\u00eda una reuni\u00f3n con autoridades del Ayuntamiento de Coatzacoalcos y prestadores de servicios, en la que se present\u00f3 el programa general y manifest\u00f3 el compromiso de realizar el mayor esfuerzo para proyectar la cultura, impulsar la econom\u00eda local y generar derrama econ\u00f3mica.<\/p>\n\n\n\n<p>El Festival del Mar exalta la riqueza art\u00edstica de Veracruz, combinando actividades y espect\u00e1culos musicales de talla internacional y talento local, que fortalecen la identidad cultural. Consulta la programaci\u00f3n completa en las redes sociales oficiales de la @SECVERoficial.<\/p>\n","protected":false},"excerpt":{"rendered":"<p>>Entrada gratuita a todas las actividades culturales, art\u00edsticas y conferencias magistrales. Coatzacoalcos, Ver., mi\u00e9rcoles 13 de agosto de 2025.- Con un variado programa que incluye m\u00fasica, danza, literatura, talleres, conferencias magistrales y exposiciones de artes visuales, el Gobierno del Estado reitera la invitaci\u00f3n a disfrutar del Festival del Mar en Coatzacoalcos, que se llevar\u00e1 a&#8230;<\/p>\n","protected":false},"author":2,"featured_media":6959,"comment_status":"closed","ping_status":"closed","sticky":false,"template":"","format":"standard","meta":{"_jetpack_memberships_contains_paid_content":false,"footnotes":"","jetpack_publicize_message":"","jetpack_publicize_feature_enabled":true,"jetpack_social_post_already_shared":true,"jetpack_social_options":{"image_generator_settings":{"template":"highway","default_image_id":0,"font":"","enabled":false},"version":2}},"categories":[2],"tags":[],"class_list":["post-6958","post","type-post","status-publish","format-standard","has-post-thumbnail","hentry","category-gobiernoestatal"],"jetpack_publicize_connections":[],"jetpack_featured_media_url":"https:\/\/veracruzanosexcepcionahles.com\/wp-content\/uploads\/2025\/08\/WhatsApp-Image-2025-08-13-at-5.45.31-PM.jpeg","jetpack_sharing_enabled":true,"jetpack_likes_enabled":true,"jetpack_shortlink":"https:\/\/wp.me\/pe8dhK-1Oe","_links":{"self":[{"href":"https:\/\/veracruzanosexcepcionahles.com\/index.php\/wp-json\/wp\/v2\/posts\/6958","targetHints":{"allow":["GET"]}}],"collection":[{"href":"https:\/\/veracruzanosexcepcionahles.com\/index.php\/wp-json\/wp\/v2\/posts"}],"about":[{"href":"https:\/\/veracruzanosexcepcionahles.com\/index.php\/wp-json\/wp\/v2\/types\/post"}],"author":[{"embeddable":true,"href":"https:\/\/veracruzanosexcepcionahles.com\/index.php\/wp-json\/wp\/v2\/users\/2"}],"replies":[{"embeddable":true,"href":"https:\/\/veracruzanosexcepcionahles.com\/index.php\/wp-json\/wp\/v2\/comments?post=6958"}],"version-history":[{"count":1,"href":"https:\/\/veracruzanosexcepcionahles.com\/index.php\/wp-json\/wp\/v2\/posts\/6958\/revisions"}],"predecessor-version":[{"id":6960,"href":"https:\/\/veracruzanosexcepcionahles.com\/index.php\/wp-json\/wp\/v2\/posts\/6958\/revisions\/6960"}],"wp:featuredmedia":[{"embeddable":true,"href":"https:\/\/veracruzanosexcepcionahles.com\/index.php\/wp-json\/wp\/v2\/media\/6959"}],"wp:attachment":[{"href":"https:\/\/veracruzanosexcepcionahles.com\/index.php\/wp-json\/wp\/v2\/media?parent=6958"}],"wp:term":[{"taxonomy":"category","embeddable":true,"href":"https:\/\/veracruzanosexcepcionahles.com\/index.php\/wp-json\/wp\/v2\/categories?post=6958"},{"taxonomy":"post_tag","embeddable":true,"href":"https:\/\/veracruzanosexcepcionahles.com\/index.php\/wp-json\/wp\/v2\/tags?post=6958"}],"curies":[{"name":"wp","href":"https:\/\/api.w.org\/{rel}","templated":true}]}}