{"id":6922,"date":"2025-08-04T23:38:07","date_gmt":"2025-08-05T05:38:07","guid":{"rendered":"https:\/\/veracruzanosexcepcionahles.com\/?p=6922"},"modified":"2025-08-04T23:38:09","modified_gmt":"2025-08-05T05:38:09","slug":"nos-vemos-en-guanajuato-veracruz-inaugurara-el-cervantino-con-un-monumental-fandango","status":"publish","type":"post","link":"https:\/\/veracruzanosexcepcionahles.com\/index.php\/2025\/08\/04\/nos-vemos-en-guanajuato-veracruz-inaugurara-el-cervantino-con-un-monumental-fandango\/","title":{"rendered":"Nos vemos en Guanajuato: Veracruz inaugurar\u00e1 el Cervantino con un monumental fandango"},"content":{"rendered":"\n<p>>Llevar\u00e1 m\u00e1s de 100 actividades entre m\u00fasica, danza, teatro, literatura y arte.<\/p>\n\n\n\n<p>&gt;Presentar\u00e1 por primera vez 14 obras de Diego Rivera.<\/p>\n\n\n\n<p><strong>Ciudad de M\u00e9xico, lunes 4 de agosto de 2025. \u2013 <\/strong>En la Sala Principal del Palacio de Bellas Artes fue presentada la programaci\u00f3n oficial de la 53\u00aa edici\u00f3n del Festival Internacional Cervantino (FIC), que se llevar\u00e1 a cabo del 10 al 26 de octubre en Guanajuato, del cual Veracruz es invitado de honor, compartiendo su riqueza cultural a trav\u00e9s de una propuesta art\u00edstica diversa y de gran calidad.<\/p>\n\n\n\n<p>Durante el anuncio, la gobernadora Roc\u00edo Nahle Garc\u00eda, expres\u00f3 el orgullo de representar a una entidad que ha hecho de la cultura una forma de vida y destac\u00f3 que la participaci\u00f3n en el Cervantino ser\u00e1 \u201cuna expresi\u00f3n viva de un pueblo orgulloso de sus ra\u00edces y comprometido con su identidad\u201d.<\/p>\n\n\n\n<p>\u201cRegresamos con el compromiso renovado de compartir con M\u00e9xico y el mundo la cultura, el talento y la identidad de un Veracruz que abraza sus ra\u00edces y mira hacia el futuro. Veracruz es una tierra de enorme riqueza, derivada de su composici\u00f3n pluricultural y multi\u00e9tnica\u201d, afirm\u00f3.<\/p>\n\n\n\n<p>Subray\u00f3 que la cultura veracruzana es el resultado del cruce entre lo ind\u00edgena, africano, europeo y caribe\u00f1o, \u201ccada regi\u00f3n del estado, desde la Huasteca hasta el sur olmeca, tiene una voz propia que queremos hacer resonar en Guanajuato\u201d, a\u00f1adi\u00f3.<\/p>\n\n\n\n<p>Junto con la secretaria de Cultura federal, Claudia Curiel de Icaza, autoridades culturales y diplom\u00e1ticas, la Gobernadora destac\u00f3 que la presencia veracruzana incluir\u00e1 m\u00e1s de 100 actividades de m\u00fasica, danza, teatro, literatura, artes visuales y expresiones comunitarias; la participaci\u00f3n de artistas consolidados, talentos emergentes y comunidades originarias.<\/p>\n\n\n\n<p>Como parte de su agenda, en la Fiesta del Esp\u00edritu se rendir\u00e1 homenaje al muralista Diego Rivera con la exhibici\u00f3n in\u00e9dita de 14 obras pertenecientes a los acervos del Gobierno del Estado y del Ayuntamiento de Orizaba, que ser\u00e1n presentadas por primera vez en el Cervantino.<\/p>\n\n\n\n<p>La programaci\u00f3n se desplegar\u00e1 en distintos espacios, como la Plaza San Fernando y Casa Veracruz, que ser\u00e1 punto de encuentro con los saberes, sabores, textiles y ritmos del estado, adem\u00e1s de su reconocida hospitalidad.<\/p>\n\n\n\n<p>La Secretaria de Cultura agradeci\u00f3 a la jefa del Ejecutivo por su compromiso con el arte y celebr\u00f3 la diversidad de la propuesta, \u201cen el Cervantino vamos a ver ese Veracruz cl\u00e1sico, tradicional, experimental y contempor\u00e1neo, que refleja la versatilidad y el vigor de sus creadores y creadoras\u201d.<\/p>\n\n\n\n<p>Adelant\u00f3 que la inauguraci\u00f3n del Festival estar\u00e1 a cargo de un Fandango Monumental encabezado por Son de Madera, el Ensamble de Percusiones de Xalapa y el legendario grupo Mono Blanco, en una experiencia esc\u00e9nica que integrar\u00e1 al p\u00fablico desde la m\u00fasica y el baile tradicional.<\/p>\n\n\n\n<p>En los 17 d\u00edas del Festival, participar\u00e1n Ca\u00f1a Dulce Ca\u00f1a Brava, Luc\u00eda Guti\u00e9rrez ft. Tonatiuh V\u00e1zquez Jazz Orchestra, Alejandra Paniagua y La Calandria, as\u00ed como la Orquesta Sinf\u00f3nica de Xalapa junto al tenor Javier Camarena.<\/p>\n\n\n\n<p>La gobernadora de Guanajuato, Libia Dennise Garc\u00eda Mu\u00f1oz Ledo, celebr\u00f3 la presencia de Veracruz en el Cervantino y expres\u00f3 su entusiasmo por \u201crecibir el sabor del son jarocho y regresar un pedacito de Diego Rivera a casa\u201d.<\/p>\n\n\n\n<p>En la presentaci\u00f3n tambi\u00e9n estuvieron el director ejecutivo del FIC, Romain Greco; la embajadora del Reino Unido en M\u00e9xico, Susannah Goshko; la secretaria de Cultura de Veracruz, Mar\u00eda X\u00f3chitl Molina Gonz\u00e1lez, y el secretario de Turismo estatal, Igor Roj\u00ed L\u00f3pez.<\/p>\n\n\n\n<p><strong>\u00a1Veracruz est\u00e1 de moda!<\/strong><\/p>\n\n\n\n<p>&#8212;000&#8212;<\/p>\n","protected":false},"excerpt":{"rendered":"<p>>Llevar\u00e1 m\u00e1s de 100 actividades entre m\u00fasica, danza, teatro, literatura y arte. &gt;Presentar\u00e1 por primera vez 14 obras de Diego Rivera. Ciudad de M\u00e9xico, lunes 4 de agosto de 2025. \u2013 En la Sala Principal del Palacio de Bellas Artes fue presentada la programaci\u00f3n oficial de la 53\u00aa edici\u00f3n del Festival Internacional Cervantino (FIC), que&#8230;<\/p>\n","protected":false},"author":2,"featured_media":6923,"comment_status":"closed","ping_status":"closed","sticky":false,"template":"","format":"standard","meta":{"_jetpack_memberships_contains_paid_content":false,"footnotes":"","jetpack_publicize_message":"","jetpack_publicize_feature_enabled":true,"jetpack_social_post_already_shared":true,"jetpack_social_options":{"image_generator_settings":{"template":"highway","default_image_id":0,"font":"","enabled":false},"version":2}},"categories":[23],"tags":[],"class_list":["post-6922","post","type-post","status-publish","format-standard","has-post-thumbnail","hentry","category-actividadesnahle"],"jetpack_publicize_connections":[],"jetpack_featured_media_url":"https:\/\/veracruzanosexcepcionahles.com\/wp-content\/uploads\/2025\/08\/WhatsApp-Image-2025-08-04-at-12.33.54-PM-1-scaled.jpeg","jetpack_sharing_enabled":true,"jetpack_likes_enabled":true,"jetpack_shortlink":"https:\/\/wp.me\/pe8dhK-1NE","_links":{"self":[{"href":"https:\/\/veracruzanosexcepcionahles.com\/index.php\/wp-json\/wp\/v2\/posts\/6922","targetHints":{"allow":["GET"]}}],"collection":[{"href":"https:\/\/veracruzanosexcepcionahles.com\/index.php\/wp-json\/wp\/v2\/posts"}],"about":[{"href":"https:\/\/veracruzanosexcepcionahles.com\/index.php\/wp-json\/wp\/v2\/types\/post"}],"author":[{"embeddable":true,"href":"https:\/\/veracruzanosexcepcionahles.com\/index.php\/wp-json\/wp\/v2\/users\/2"}],"replies":[{"embeddable":true,"href":"https:\/\/veracruzanosexcepcionahles.com\/index.php\/wp-json\/wp\/v2\/comments?post=6922"}],"version-history":[{"count":1,"href":"https:\/\/veracruzanosexcepcionahles.com\/index.php\/wp-json\/wp\/v2\/posts\/6922\/revisions"}],"predecessor-version":[{"id":6924,"href":"https:\/\/veracruzanosexcepcionahles.com\/index.php\/wp-json\/wp\/v2\/posts\/6922\/revisions\/6924"}],"wp:featuredmedia":[{"embeddable":true,"href":"https:\/\/veracruzanosexcepcionahles.com\/index.php\/wp-json\/wp\/v2\/media\/6923"}],"wp:attachment":[{"href":"https:\/\/veracruzanosexcepcionahles.com\/index.php\/wp-json\/wp\/v2\/media?parent=6922"}],"wp:term":[{"taxonomy":"category","embeddable":true,"href":"https:\/\/veracruzanosexcepcionahles.com\/index.php\/wp-json\/wp\/v2\/categories?post=6922"},{"taxonomy":"post_tag","embeddable":true,"href":"https:\/\/veracruzanosexcepcionahles.com\/index.php\/wp-json\/wp\/v2\/tags?post=6922"}],"curies":[{"name":"wp","href":"https:\/\/api.w.org\/{rel}","templated":true}]}}