{"id":6919,"date":"2025-08-04T23:21:29","date_gmt":"2025-08-05T05:21:29","guid":{"rendered":"https:\/\/veracruzanosexcepcionahles.com\/?p=6919"},"modified":"2025-08-04T23:21:31","modified_gmt":"2025-08-05T05:21:31","slug":"instala-sev-comisiones-de-educacion-basica-y-media-superior","status":"publish","type":"post","link":"https:\/\/veracruzanosexcepcionahles.com\/index.php\/2025\/08\/04\/instala-sev-comisiones-de-educacion-basica-y-media-superior\/","title":{"rendered":"Instala SEV comisiones de Educaci\u00f3n B\u00e1sica y Media Superior"},"content":{"rendered":"\n<p>>Fueron nombrados sus presidentes ejecutivos y secretarios t\u00e9cnicos.<\/p>\n\n\n\n<p>&gt;Buscan ampliar la cobertura y mejorar la calidad de los servicios educativos.<\/p>\n\n\n\n<p><strong>Xalapa, Ver., lunes 04 de agosto de 2025.- <\/strong>La Secretar\u00eda de Educaci\u00f3n de Veracruz (SEV), instal\u00f3 las comisiones estatales para la Planeaci\u00f3n y Programaci\u00f3n de la Educaci\u00f3n B\u00e1sica (CEPPEB) y de la Educaci\u00f3n Superior (CEPPEMS), del Consejo Interinstitucional Veracruzano de Educaci\u00f3n (CIVE), con la finalidad de regular y eficientar la oferta educativa en la entidad.<\/p>\n\n\n\n<p>Estos son \u00f3rganos colegiados que, mediante la planeaci\u00f3n y programaci\u00f3n, tienen el objetivo de ampliar la cobertura y mejoran la calidad de los servicios; asimismo, promueven acciones de fomento y prevenci\u00f3n de la salud de la ni\u00f1ez y la juventud y participan en la definici\u00f3n de la pol\u00edtica educativa de corto, mediano y largo plazo, en todos los niveles y modalidades.<\/p>\n\n\n\n<p>En su calidad de presidenta, la titular de la SEV, Claudia Tello Espinosa, tom\u00f3 protesta a quienes estar\u00e1n al frente de ambas comisiones, exhort\u00e1ndolos a realizar un trabajo transparente y articulado, que permita garantizar a la ni\u00f1ez y juventud veracruzana la educaci\u00f3n de excelencia que se promueve en el gobierno de Roc\u00edo Nahle Garc\u00eda.<\/p>\n\n\n\n<p>Se conformaron mesas t\u00e9cnicas para el dise\u00f1o de estrategias que impulsen el desarrollo del sistema educativo; estas comisiones representan un paso estrat\u00e9gico en los esfuerzos por mejorar la planeaci\u00f3n, la vinculaci\u00f3n institucional con los sectores productivos y avanzar hacia una educaci\u00f3n m\u00e1s equitativa, pertinente y de calidad.<\/p>\n\n\n\n<p>Fue nombrado presidente ejecutivo de la CEPPEMS, Manuel Tejeda Cort\u00e9s, y secretar\u00eda t\u00e9cnica, Mar\u00eda del Carmen Mat\u00edas Le\u00f3n. En la CEPPEB, como presidenta ejecutiva, Patricia Iris Viveros Acosta; vicepresidente, Jorge Valente Melgarejo Salcido, y secretaria t\u00e9cnica, Betzabeth Tovar Cort\u00e9s.<\/p>\n","protected":false},"excerpt":{"rendered":"<p>>Fueron nombrados sus presidentes ejecutivos y secretarios t\u00e9cnicos. &gt;Buscan ampliar la cobertura y mejorar la calidad de los servicios educativos. Xalapa, Ver., lunes 04 de agosto de 2025.- La Secretar\u00eda de Educaci\u00f3n de Veracruz (SEV), instal\u00f3 las comisiones estatales para la Planeaci\u00f3n y Programaci\u00f3n de la Educaci\u00f3n B\u00e1sica (CEPPEB) y de la Educaci\u00f3n Superior (CEPPEMS),&#8230;<\/p>\n","protected":false},"author":2,"featured_media":6920,"comment_status":"closed","ping_status":"closed","sticky":false,"template":"","format":"standard","meta":{"_jetpack_memberships_contains_paid_content":false,"footnotes":"","jetpack_publicize_message":"","jetpack_publicize_feature_enabled":true,"jetpack_social_post_already_shared":true,"jetpack_social_options":{"image_generator_settings":{"template":"highway","default_image_id":0,"font":"","enabled":false},"version":2}},"categories":[2],"tags":[],"class_list":["post-6919","post","type-post","status-publish","format-standard","has-post-thumbnail","hentry","category-gobiernoestatal"],"jetpack_publicize_connections":[],"jetpack_featured_media_url":"https:\/\/veracruzanosexcepcionahles.com\/wp-content\/uploads\/2025\/08\/WhatsApp-Image-2025-08-04-at-8.16.57-PM.jpeg","jetpack_sharing_enabled":true,"jetpack_likes_enabled":true,"jetpack_shortlink":"https:\/\/wp.me\/pe8dhK-1NB","_links":{"self":[{"href":"https:\/\/veracruzanosexcepcionahles.com\/index.php\/wp-json\/wp\/v2\/posts\/6919","targetHints":{"allow":["GET"]}}],"collection":[{"href":"https:\/\/veracruzanosexcepcionahles.com\/index.php\/wp-json\/wp\/v2\/posts"}],"about":[{"href":"https:\/\/veracruzanosexcepcionahles.com\/index.php\/wp-json\/wp\/v2\/types\/post"}],"author":[{"embeddable":true,"href":"https:\/\/veracruzanosexcepcionahles.com\/index.php\/wp-json\/wp\/v2\/users\/2"}],"replies":[{"embeddable":true,"href":"https:\/\/veracruzanosexcepcionahles.com\/index.php\/wp-json\/wp\/v2\/comments?post=6919"}],"version-history":[{"count":1,"href":"https:\/\/veracruzanosexcepcionahles.com\/index.php\/wp-json\/wp\/v2\/posts\/6919\/revisions"}],"predecessor-version":[{"id":6921,"href":"https:\/\/veracruzanosexcepcionahles.com\/index.php\/wp-json\/wp\/v2\/posts\/6919\/revisions\/6921"}],"wp:featuredmedia":[{"embeddable":true,"href":"https:\/\/veracruzanosexcepcionahles.com\/index.php\/wp-json\/wp\/v2\/media\/6920"}],"wp:attachment":[{"href":"https:\/\/veracruzanosexcepcionahles.com\/index.php\/wp-json\/wp\/v2\/media?parent=6919"}],"wp:term":[{"taxonomy":"category","embeddable":true,"href":"https:\/\/veracruzanosexcepcionahles.com\/index.php\/wp-json\/wp\/v2\/categories?post=6919"},{"taxonomy":"post_tag","embeddable":true,"href":"https:\/\/veracruzanosexcepcionahles.com\/index.php\/wp-json\/wp\/v2\/tags?post=6919"}],"curies":[{"name":"wp","href":"https:\/\/api.w.org\/{rel}","templated":true}]}}