{"id":6916,"date":"2025-08-03T23:37:18","date_gmt":"2025-08-04T05:37:18","guid":{"rendered":"https:\/\/veracruzanosexcepcionahles.com\/?p=6916"},"modified":"2025-08-03T23:37:19","modified_gmt":"2025-08-04T05:37:19","slug":"veracruz-referente-nacional-en-proceso-de-cambios-de-centro-de-trabajo-de-docentes-usicamm","status":"publish","type":"post","link":"https:\/\/veracruzanosexcepcionahles.com\/index.php\/2025\/08\/03\/veracruz-referente-nacional-en-proceso-de-cambios-de-centro-de-trabajo-de-docentes-usicamm\/","title":{"rendered":"Veracruz referente nacional en proceso de cambios de centro de trabajo de docentes: USICAMM"},"content":{"rendered":"\n<p>\u2022 En supervisi\u00f3n funcionarios federales constataron el trabajo desarrollado por la SEV, a trav\u00e9s de UPECE, reconociendo al gobierno estatal por este hecho.<br>\u2022 Se ha concluido con el proceso de cambios de centros de trabajo en 14 entidades del pa\u00eds, hubo pocas incidencias en Veracruz: Esteban Fuentes.<\/p>\n\n\n\n<p>Irineo P\u00e9rez Melo.- El estado de Veracruz es un referente nacional, por los testimonios recogidos de las y los docentes, tanto del norte, como del centro y sur del pa\u00eds, asegur\u00f3 el maestro Emiliano Reyes Iturbide, director de Vinculaci\u00f3n y Gesti\u00f3n Normativa de la Unidad del Sistema de Carrera para las Maestras y los Maestros (USICAMM).<br>Al constatar la conclusi\u00f3n de este proceso en la entidad veracruzana la semana pasada, el funcionario federal destac\u00f3 el trabajo desarrollado por el personal de la Secretar\u00eda de Educaci\u00f3n de Veracruz (SEV), que encabeza la doctora Claudia Tello Espinoza, a fin de dar cumplimiento con un mandato de la presidente Claudia Sheinbaum Pardo y que se desarroll\u00f3 durante el mes de julio pasado.<br>Es de recordar que en este proceso se registraron casi 10 mil docentes, tanto del sistema federal como estatal, de los cuales 4 mil de ellos lograron su cambio de centro de trabajo a lugares m\u00e1s cercanos de donde viven sus familiares.<br>En todo este proceso, se indic\u00f3 que se presentaron muy pocas incidencias, mismas que fueron atendidas y resueltas por el personal que tuvo a su cargo estas acciones en el momento mismo.<br>En el recorrido realizado por funcionarios federales de USICAMM, hicieron un reconocimiento a la labor desarrollada por la titular de la SEV y, de manera particular, al equipo de trabajo de la Unidad de Planeaci\u00f3n, Evaluaci\u00f3n y Control Escolar (UPECE), que dirige la maestra Neyra Arleth Bautista Mayorga, \u201cpor haber cumplido en tiempo y forma con una instrucci\u00f3n presidencial\u201d.<br>Dio a conocer que con Veracruz suman 14 entidades del pa\u00eds que han concluido con este proceso, en donde la entidad veracruzana se destac\u00f3 por la gran transparencia y profesionalismo con la que se condujo todos los cambios de adscripci\u00f3n de las y los docentes de los sistemas estatal y federal.<br>Destac\u00f3 que este proceso \u201cva encaminado justamente a hacer justicia a las y los maestros, con un criterio fundamental b\u00e1sico y esencial que es la antig\u00fcedad; que los maestros que tengan m\u00e1s a\u00f1os de servicio, ya en la recta final de su carrera magisterial puedan estar cerca de sus familias, de sus hijos, y de todos sus seres queridos\u201d.<br>El funcionario federal hizo extensivas las felicitaciones enviadas por el titular de USICAMM, Mario Llergo Latournerie, tanto al personal de la SEV que tuvo a su cargo todo este proceso, as\u00ed como al gobierno del estado por el respaldo brindado para concluir de manera exitosa estas tareas derivadas de la instrucci\u00f3n de la presidente Claudia Sheinbaum Pardo.<br>\u201cSin duda alguna, el gobierno de la gobernadora Roc\u00edo Nahle Garc\u00eda, logr\u00f3 realizar un magn\u00edfico trabajo en favor de las y los docentes de diferentes municipios de la entidad, prueba de ello son los testimonios de aquellos que lograron el cambio de sus centros de trabajo y que incidi\u00f3 en sus vidas y en sus familias\u201d, a\u00f1adi\u00f3.<\/p>\n\n\n\n<p>Este proceso nos pone por arriba de los dem\u00e1s estados: Claudia Tello<br>Al respecto, la titular de la SEV, Claudia Tello Espinoza, consider\u00f3 que este proceso ha sido un acierto en Veracruz, \u201cque nos pone por encima de los dem\u00e1s estados que lo est\u00e1n llevando a cabo; debo decirlo que esta iniciativa de capturar momentos y transmitir historias de los docentes beneficiados, da fe de lo transparente, ordenado y leg\u00edtimo con que se llev\u00f3 a cabo esta actividad\u201d.<br>Sostuvo que fueron tres semanas muy intensas, donde se recibi\u00f3 las solicitudes a cerca de 10 mil maestras y maestros, logrando su cambio m\u00e1s de 4 mil beneficiados, en donde se pudo constatar que muchos tr\u00e1mites que se realizaron lograron el cambio a sitios m\u00e1s cercanos de sus hogares o en la misma cabecera municipal donde est\u00e1n sus familiares.<br>Es de resaltar que la organizaci\u00f3n y log\u00edstica, estuvo a cargo de la Maestra Neyra Arleth Bautista Mayorga, quien dispuso todo lo pertinente para que fueran atendidos los docentes, con 8 mesas de trabajo que tramitaban los cambios de adscripci\u00f3n de los diferentes niveles de educaci\u00f3n b\u00e1sica, siempre de manera \u00e1gil y ordenada, con un horario de 9 de la ma\u00f1ana a 21:00 horas o hasta que se atendiera al \u00faltimo profesor o profesora.<br>Finalmente, el maestro Esteban Fuentes Mendoza, subdirector de Procesos Transversales y Gesti\u00f3n Normativa de USICAMM Federal, felicit\u00f3 a un maestro beneficiado que recibi\u00f3 su constancia, destacando que se est\u00e1 cumpliendo un sue\u00f1o despu\u00e9s de tanto tiempo de estarlo buscando.<\/p>\n\n\n\n<p>Del 4 al 8 de agosto se recibir\u00e1n solicitudes para cambios de maestros con 2 a\u00f1os de antig\u00fcedad<br>Asimismo, los funcionarios de USICAMM observaron c\u00f3mo era el proceso cuando alg\u00fan maestro o maestra saltaba turno, cuando no hab\u00eda alg\u00fan lugar que les favoreciera y tambi\u00e9n cuando los tramites se realizaban en l\u00ednea, llev\u00e1ndose un grato sabor de boca.<br>Por otro lado, se dio a conocer que, del 4 al 8 de agosto, se estar\u00e1 recibiendo a docentes que no se registraron en el periodo ordinario y que deseen participar en el proceso de cambio de centro de trabajo, as\u00ed como aquellos que no cuentan con 2 a\u00f1os de antig\u00fcedad en su centro actual, tambi\u00e9n los casos por incidencias o reasignaci\u00f3n, todos ellos est\u00e1n siendo citados a trav\u00e9s de correos electr\u00f3nicos para que acudan a la sede estatal, para lograr acercarse a sus lugares de origen.<\/p>\n","protected":false},"excerpt":{"rendered":"<p>\u2022 En supervisi\u00f3n funcionarios federales constataron el trabajo desarrollado por la SEV, a trav\u00e9s de UPECE, reconociendo al gobierno estatal por este hecho.\u2022 Se ha concluido con el proceso de cambios de centros de trabajo en 14 entidades del pa\u00eds, hubo pocas incidencias en Veracruz: Esteban Fuentes. Irineo P\u00e9rez Melo.- El estado de Veracruz es&#8230;<\/p>\n","protected":false},"author":2,"featured_media":6917,"comment_status":"closed","ping_status":"closed","sticky":false,"template":"","format":"standard","meta":{"_jetpack_memberships_contains_paid_content":false,"footnotes":"","jetpack_publicize_message":"","jetpack_publicize_feature_enabled":true,"jetpack_social_post_already_shared":true,"jetpack_social_options":{"image_generator_settings":{"template":"highway","default_image_id":0,"font":"","enabled":false},"version":2}},"categories":[22],"tags":[],"class_list":["post-6916","post","type-post","status-publish","format-standard","has-post-thumbnail","hentry","category-editorial"],"jetpack_publicize_connections":[],"jetpack_featured_media_url":"https:\/\/veracruzanosexcepcionahles.com\/wp-content\/uploads\/2025\/08\/WhatsApp-Image-2025-08-03-at-11.07.09-AM.jpeg","jetpack_sharing_enabled":true,"jetpack_likes_enabled":true,"jetpack_shortlink":"https:\/\/wp.me\/pe8dhK-1Ny","_links":{"self":[{"href":"https:\/\/veracruzanosexcepcionahles.com\/index.php\/wp-json\/wp\/v2\/posts\/6916","targetHints":{"allow":["GET"]}}],"collection":[{"href":"https:\/\/veracruzanosexcepcionahles.com\/index.php\/wp-json\/wp\/v2\/posts"}],"about":[{"href":"https:\/\/veracruzanosexcepcionahles.com\/index.php\/wp-json\/wp\/v2\/types\/post"}],"author":[{"embeddable":true,"href":"https:\/\/veracruzanosexcepcionahles.com\/index.php\/wp-json\/wp\/v2\/users\/2"}],"replies":[{"embeddable":true,"href":"https:\/\/veracruzanosexcepcionahles.com\/index.php\/wp-json\/wp\/v2\/comments?post=6916"}],"version-history":[{"count":1,"href":"https:\/\/veracruzanosexcepcionahles.com\/index.php\/wp-json\/wp\/v2\/posts\/6916\/revisions"}],"predecessor-version":[{"id":6918,"href":"https:\/\/veracruzanosexcepcionahles.com\/index.php\/wp-json\/wp\/v2\/posts\/6916\/revisions\/6918"}],"wp:featuredmedia":[{"embeddable":true,"href":"https:\/\/veracruzanosexcepcionahles.com\/index.php\/wp-json\/wp\/v2\/media\/6917"}],"wp:attachment":[{"href":"https:\/\/veracruzanosexcepcionahles.com\/index.php\/wp-json\/wp\/v2\/media?parent=6916"}],"wp:term":[{"taxonomy":"category","embeddable":true,"href":"https:\/\/veracruzanosexcepcionahles.com\/index.php\/wp-json\/wp\/v2\/categories?post=6916"},{"taxonomy":"post_tag","embeddable":true,"href":"https:\/\/veracruzanosexcepcionahles.com\/index.php\/wp-json\/wp\/v2\/tags?post=6916"}],"curies":[{"name":"wp","href":"https:\/\/api.w.org\/{rel}","templated":true}]}}