{"id":6912,"date":"2025-08-03T23:15:30","date_gmt":"2025-08-04T05:15:30","guid":{"rendered":"https:\/\/veracruzanosexcepcionahles.com\/?p=6912"},"modified":"2025-08-03T23:15:33","modified_gmt":"2025-08-04T05:15:33","slug":"riesgo-atendido-gobernadora-rocio-nahle-reconstruira-el-puente-el-mostal","status":"publish","type":"post","link":"https:\/\/veracruzanosexcepcionahles.com\/index.php\/2025\/08\/03\/riesgo-atendido-gobernadora-rocio-nahle-reconstruira-el-puente-el-mostal\/","title":{"rendered":"Riesgo atendido, gobernadora Roc\u00edo Nahle reconstruir\u00e1 el puente El Mostal"},"content":{"rendered":"\n<p>>Es uno de los cuatro frentes de trabajo que integran la modernizaci\u00f3n carretera.<\/p>\n\n\n\n<p>&gt;La estructura de 60 metros iniciar\u00e1 desde cero para garantizar la seguridad.<\/p>\n\n\n\n<p><strong>Santiago Tuxtla, Ver., domingo 03 de agosto de 2025.- <\/strong>La gobernadora Roc\u00edo Nahle Garc\u00eda anunci\u00f3 la construcci\u00f3n del nuevo puente El Mostal, una obra clave dentro del proyecto de rehabilitaci\u00f3n integral de la carretera Santiago Tuxtla\u2013Isla.<\/p>\n\n\n\n<p>Durante el arranque de los trabajos, record\u00f3 que esta obra fue anunciada como prioritaria a los 100 d\u00edas de su administraci\u00f3n, pero por razones t\u00e9cnicas y de seguridad se pospuso con el fin de garantizar una ejecuci\u00f3n adecuada.<\/p>\n\n\n\n<p>\u201cCuando el secretario de Infraestructura, Leonardo Cornejo, me mostr\u00f3 el estado del puente, orden\u00e9 detener el proceso de licitaci\u00f3n hasta contar con una ingenier\u00eda s\u00f3lida. Hoy se va a hacer completamente nuevo, porque no pod\u00edamos arriesgar a la gente\u201d.<\/p>\n\n\n\n<p>La Secretar\u00eda de Infraestructura y Obras P\u00fablicas sustituir\u00e1 el paso vehicular actual, de aproximadamente 60 metros de longitud, ubicado sobre un cuerpo de agua que durante la temporada de lluvias alcanza niveles cr\u00edticos, representando un alto riesgo para automovilistas y comunidades cercanas.<\/p>\n\n\n\n<p>\u201cEs una poza que parece tranquila, pero cuando llueve el agua sube casi hasta el puente. Es intransitable y peligroso. Ya no era opci\u00f3n seguir esperando\u201d, se\u00f1al\u00f3 la Gobernadora en un mensaje en video.<\/p>\n\n\n\n<p>Esta obra forma parte de la reconstrucci\u00f3n integral de la carretera regional, que contempla cuatro frentes de trabajo simult\u00e1neos, uno de ellos dedicado exclusivamente a la construcci\u00f3n de la estructura vial, con fecha de conclusi\u00f3n antes del 31 de diciembre.<\/p>\n\n\n\n<p>Para asegurar un seguimiento puntual y transparente, Roc\u00edo Nahle design\u00f3 al diputado local y alcalde electo, Rafael Fararoni Maga\u00f1a como responsable de supervisar el avance de la nueva obra.<\/p>\n","protected":false},"excerpt":{"rendered":"<p>>Es uno de los cuatro frentes de trabajo que integran la modernizaci\u00f3n carretera. &gt;La estructura de 60 metros iniciar\u00e1 desde cero para garantizar la seguridad. Santiago Tuxtla, Ver., domingo 03 de agosto de 2025.- La gobernadora Roc\u00edo Nahle Garc\u00eda anunci\u00f3 la construcci\u00f3n del nuevo puente El Mostal, una obra clave dentro del proyecto de rehabilitaci\u00f3n&#8230;<\/p>\n","protected":false},"author":2,"featured_media":6913,"comment_status":"closed","ping_status":"closed","sticky":false,"template":"","format":"standard","meta":{"_jetpack_memberships_contains_paid_content":false,"footnotes":"","jetpack_publicize_message":"","jetpack_publicize_feature_enabled":true,"jetpack_social_post_already_shared":true,"jetpack_social_options":{"image_generator_settings":{"template":"highway","default_image_id":0,"font":"","enabled":false},"version":2}},"categories":[23],"tags":[],"class_list":["post-6912","post","type-post","status-publish","format-standard","has-post-thumbnail","hentry","category-actividadesnahle"],"jetpack_publicize_connections":[],"jetpack_featured_media_url":"https:\/\/veracruzanosexcepcionahles.com\/wp-content\/uploads\/2025\/08\/WhatsApp-Image-2025-08-03-at-7.09.43-PM.jpeg","jetpack_sharing_enabled":true,"jetpack_likes_enabled":true,"jetpack_shortlink":"https:\/\/wp.me\/pe8dhK-1Nu","_links":{"self":[{"href":"https:\/\/veracruzanosexcepcionahles.com\/index.php\/wp-json\/wp\/v2\/posts\/6912","targetHints":{"allow":["GET"]}}],"collection":[{"href":"https:\/\/veracruzanosexcepcionahles.com\/index.php\/wp-json\/wp\/v2\/posts"}],"about":[{"href":"https:\/\/veracruzanosexcepcionahles.com\/index.php\/wp-json\/wp\/v2\/types\/post"}],"author":[{"embeddable":true,"href":"https:\/\/veracruzanosexcepcionahles.com\/index.php\/wp-json\/wp\/v2\/users\/2"}],"replies":[{"embeddable":true,"href":"https:\/\/veracruzanosexcepcionahles.com\/index.php\/wp-json\/wp\/v2\/comments?post=6912"}],"version-history":[{"count":1,"href":"https:\/\/veracruzanosexcepcionahles.com\/index.php\/wp-json\/wp\/v2\/posts\/6912\/revisions"}],"predecessor-version":[{"id":6914,"href":"https:\/\/veracruzanosexcepcionahles.com\/index.php\/wp-json\/wp\/v2\/posts\/6912\/revisions\/6914"}],"wp:featuredmedia":[{"embeddable":true,"href":"https:\/\/veracruzanosexcepcionahles.com\/index.php\/wp-json\/wp\/v2\/media\/6913"}],"wp:attachment":[{"href":"https:\/\/veracruzanosexcepcionahles.com\/index.php\/wp-json\/wp\/v2\/media?parent=6912"}],"wp:term":[{"taxonomy":"category","embeddable":true,"href":"https:\/\/veracruzanosexcepcionahles.com\/index.php\/wp-json\/wp\/v2\/categories?post=6912"},{"taxonomy":"post_tag","embeddable":true,"href":"https:\/\/veracruzanosexcepcionahles.com\/index.php\/wp-json\/wp\/v2\/tags?post=6912"}],"curies":[{"name":"wp","href":"https:\/\/api.w.org\/{rel}","templated":true}]}}