{"id":6909,"date":"2025-08-03T23:10:59","date_gmt":"2025-08-04T05:10:59","guid":{"rendered":"https:\/\/veracruzanosexcepcionahles.com\/?p=6909"},"modified":"2025-08-03T23:11:01","modified_gmt":"2025-08-04T05:11:01","slug":"upav-celebra-14-anos-de-impulsar-una-educacion-incluyente-y-con-sentido-social","status":"publish","type":"post","link":"https:\/\/veracruzanosexcepcionahles.com\/index.php\/2025\/08\/03\/upav-celebra-14-anos-de-impulsar-una-educacion-incluyente-y-con-sentido-social\/","title":{"rendered":"UPAV celebra 14 a\u00f1os de impulsar una educaci\u00f3n incluyente y con sentido social"},"content":{"rendered":"\n<p>>Es una de las principales instituciones de educaci\u00f3n media superior y superior en Veracruz.<\/p>\n\n\n\n<p><strong>Xalapa, Ver., domingo 03 de agosto de 2025.-<\/strong> La Universidad Popular Aut\u00f3noma de Veracruz (UPAV) conmemor\u00f3 su d\u00e9cimo cuarto aniversario reafirmando su consolidaci\u00f3n como una de las principales instituciones p\u00fablicas de educaci\u00f3n Media Superior y Superior en la entidad, con presencia en 168 municipios y una matr\u00edcula de m\u00e1s de 58 mil estudiantes.<\/p>\n\n\n\n<p>Surgi\u00f3 en 2011 como respuesta a la necesidad de ampliar las oportunidades educativas en el estado, apostando por un modelo flexible, humanista y con profundo sentido social, orientado a comunidades hist\u00f3ricamente excluidas. A 14 a\u00f1os de su creaci\u00f3n, la UPAV ofrece 416 programas en bachillerato, licenciatura y posgrado.<\/p>\n\n\n\n<p>Durante la ceremonia realizada en el auditorio de la Benem\u00e9rita Escuela Normal Veracruzana Enrique C. R\u00e9bsamen, el Rector, Sergio Torres Mej\u00eda, se\u00f1al\u00f3 que &#8220;el modelo educativo de la UPAV no fue concebido para replicar esquemas tradicionales, sino para acercar el conocimiento a las realidades y contextos del pueblo veracruzano&#8221;.<\/p>\n\n\n\n<p>Reconoci\u00f3 los esfuerzos institucionales por fortalecer el sistema educativo en el pa\u00eds, en congruencia con los principios de la Nueva Escuela Mexicana, impulsados por la presidenta Claudia Sheinbaum Pardo, la gobernadora Roc\u00edo Nahle Garc\u00eda y la secretaria de Educaci\u00f3n, Claudia Tello Espinosa.<\/p>\n\n\n\n<p>Como parte del evento se entregaron reconocimientos a cinco aprendientes destacados, as\u00ed como a cinco asesores solidarios; acompa\u00f1aron el evento autoridades estatales y municipales, entre ellas el secretario de Trabajo, Previsi\u00f3n Social y Productividad, Luis Arturo Santiago Mart\u00ednez.<\/p>\n","protected":false},"excerpt":{"rendered":"<p>>Es una de las principales instituciones de educaci\u00f3n media superior y superior en Veracruz. Xalapa, Ver., domingo 03 de agosto de 2025.- La Universidad Popular Aut\u00f3noma de Veracruz (UPAV) conmemor\u00f3 su d\u00e9cimo cuarto aniversario reafirmando su consolidaci\u00f3n como una de las principales instituciones p\u00fablicas de educaci\u00f3n Media Superior y Superior en la entidad, con presencia&#8230;<\/p>\n","protected":false},"author":2,"featured_media":6910,"comment_status":"closed","ping_status":"closed","sticky":false,"template":"","format":"standard","meta":{"_jetpack_memberships_contains_paid_content":false,"footnotes":"","jetpack_publicize_message":"","jetpack_publicize_feature_enabled":true,"jetpack_social_post_already_shared":true,"jetpack_social_options":{"image_generator_settings":{"template":"highway","default_image_id":0,"font":"","enabled":false},"version":2}},"categories":[2],"tags":[],"class_list":["post-6909","post","type-post","status-publish","format-standard","has-post-thumbnail","hentry","category-gobiernoestatal"],"jetpack_publicize_connections":[],"jetpack_featured_media_url":"https:\/\/veracruzanosexcepcionahles.com\/wp-content\/uploads\/2025\/08\/WhatsApp-Image-2025-08-03-at-5.29.31-PM.jpeg","jetpack_sharing_enabled":true,"jetpack_likes_enabled":true,"jetpack_shortlink":"https:\/\/wp.me\/pe8dhK-1Nr","_links":{"self":[{"href":"https:\/\/veracruzanosexcepcionahles.com\/index.php\/wp-json\/wp\/v2\/posts\/6909","targetHints":{"allow":["GET"]}}],"collection":[{"href":"https:\/\/veracruzanosexcepcionahles.com\/index.php\/wp-json\/wp\/v2\/posts"}],"about":[{"href":"https:\/\/veracruzanosexcepcionahles.com\/index.php\/wp-json\/wp\/v2\/types\/post"}],"author":[{"embeddable":true,"href":"https:\/\/veracruzanosexcepcionahles.com\/index.php\/wp-json\/wp\/v2\/users\/2"}],"replies":[{"embeddable":true,"href":"https:\/\/veracruzanosexcepcionahles.com\/index.php\/wp-json\/wp\/v2\/comments?post=6909"}],"version-history":[{"count":1,"href":"https:\/\/veracruzanosexcepcionahles.com\/index.php\/wp-json\/wp\/v2\/posts\/6909\/revisions"}],"predecessor-version":[{"id":6911,"href":"https:\/\/veracruzanosexcepcionahles.com\/index.php\/wp-json\/wp\/v2\/posts\/6909\/revisions\/6911"}],"wp:featuredmedia":[{"embeddable":true,"href":"https:\/\/veracruzanosexcepcionahles.com\/index.php\/wp-json\/wp\/v2\/media\/6910"}],"wp:attachment":[{"href":"https:\/\/veracruzanosexcepcionahles.com\/index.php\/wp-json\/wp\/v2\/media?parent=6909"}],"wp:term":[{"taxonomy":"category","embeddable":true,"href":"https:\/\/veracruzanosexcepcionahles.com\/index.php\/wp-json\/wp\/v2\/categories?post=6909"},{"taxonomy":"post_tag","embeddable":true,"href":"https:\/\/veracruzanosexcepcionahles.com\/index.php\/wp-json\/wp\/v2\/tags?post=6909"}],"curies":[{"name":"wp","href":"https:\/\/api.w.org\/{rel}","templated":true}]}}