{"id":6903,"date":"2025-08-03T23:01:24","date_gmt":"2025-08-04T05:01:24","guid":{"rendered":"https:\/\/veracruzanosexcepcionahles.com\/?p=6903"},"modified":"2025-08-03T23:01:26","modified_gmt":"2025-08-04T05:01:26","slug":"cumple-rocio-nahle-promesa-de-campana-con-rehabilitacion-de-tramo-el-paralelo-las-choapas","status":"publish","type":"post","link":"https:\/\/veracruzanosexcepcionahles.com\/index.php\/2025\/08\/03\/cumple-rocio-nahle-promesa-de-campana-con-rehabilitacion-de-tramo-el-paralelo-las-choapas\/","title":{"rendered":"Cumple Roc\u00edo Nahle promesa de campa\u00f1a con rehabilitaci\u00f3n de tramo El Paralelo-Las Choapas"},"content":{"rendered":"\n<p><strong>><\/strong>Son 14 kil\u00f3metros; tendr\u00e1 supervisi\u00f3n directa del Gobierno estatal.<\/p>\n\n\n\n<p><strong>Las Choapas, Ver., s\u00e1bado 02 de agosto de 2025.- <\/strong>En cumplimiento a su compromiso de campa\u00f1a con este municipio, la gobernadora Roc\u00edo Nahle Garc\u00eda, dio el banderazo a los trabajos de rehabilitaci\u00f3n de tramos aislados del camino Las Choapas-El Paralelo, en una longitud total de 14 kil\u00f3metros.<\/p>\n\n\n\n<p>Acompa\u00f1ada por el secretario de Infraestructura y Obras P\u00fablicas, Leonardo Cornejo Serrano, destac\u00f3 la importancia de esta v\u00eda, no solo por su funci\u00f3n en la conectividad regional, sino tambi\u00e9n como un acto de justicia social hacia una poblaci\u00f3n que ha brindado su respaldo al proyecto de transformaci\u00f3n.<\/p>\n\n\n\n<p>\u201cEste es un compromiso que hice con ustedes en campa\u00f1a, y hoy vengo a cumplirlo, Las Choapas no es el \u00faltimo municipio del estado, es el primero cuando se ve desde el sur, y as\u00ed de importante lo consideramos\u201d, expres\u00f3 ante pobladores y autoridades.<\/p>\n\n\n\n<p>La Gobernadora instruy\u00f3 al Secretario garantizar que se utilicen materiales resistentes y con especificaciones t\u00e9cnicas \u00f3ptimas, para asegurar la durabilidad del tramo. Tambi\u00e9n solicit\u00f3 incluir un tramo pendiente hacia el Cerro de Nanchital, el cual debe ser atendido con mezcla asf\u00e1ltica donada por Petr\u00f3leos Mexicanos (Pemex).<\/p>\n\n\n\n<p>Al arranque asistieron la senadora Raquel Bonilla Herrera; la diputada federal Jessica Ram\u00edrez Cisneros; las legisladoras locales Ingrid Jeny Calder\u00f3n Dom\u00ednguez e Ivonne Selene Dur\u00e1n L\u00f3pez; el delegado de Programas para el Desarrollo en Veracruz, Juan Javier G\u00f3mez Cazar\u00edn y la alcaldesa de Las Choapas, Mariela Hern\u00e1ndez Garc\u00eda.<\/p>\n","protected":false},"excerpt":{"rendered":"<p>>Son 14 kil\u00f3metros; tendr\u00e1 supervisi\u00f3n directa del Gobierno estatal. Las Choapas, Ver., s\u00e1bado 02 de agosto de 2025.- En cumplimiento a su compromiso de campa\u00f1a con este municipio, la gobernadora Roc\u00edo Nahle Garc\u00eda, dio el banderazo a los trabajos de rehabilitaci\u00f3n de tramos aislados del camino Las Choapas-El Paralelo, en una longitud total de 14&#8230;<\/p>\n","protected":false},"author":2,"featured_media":6904,"comment_status":"closed","ping_status":"closed","sticky":false,"template":"","format":"standard","meta":{"_jetpack_memberships_contains_paid_content":false,"footnotes":"","jetpack_publicize_message":"","jetpack_publicize_feature_enabled":true,"jetpack_social_post_already_shared":true,"jetpack_social_options":{"image_generator_settings":{"template":"highway","default_image_id":0,"font":"","enabled":false},"version":2}},"categories":[23],"tags":[],"class_list":["post-6903","post","type-post","status-publish","format-standard","has-post-thumbnail","hentry","category-actividadesnahle"],"jetpack_publicize_connections":[],"jetpack_featured_media_url":"https:\/\/veracruzanosexcepcionahles.com\/wp-content\/uploads\/2025\/08\/WhatsApp-Image-2025-08-02-at-6.15.48-PM.jpeg","jetpack_sharing_enabled":true,"jetpack_likes_enabled":true,"jetpack_shortlink":"https:\/\/wp.me\/pe8dhK-1Nl","_links":{"self":[{"href":"https:\/\/veracruzanosexcepcionahles.com\/index.php\/wp-json\/wp\/v2\/posts\/6903","targetHints":{"allow":["GET"]}}],"collection":[{"href":"https:\/\/veracruzanosexcepcionahles.com\/index.php\/wp-json\/wp\/v2\/posts"}],"about":[{"href":"https:\/\/veracruzanosexcepcionahles.com\/index.php\/wp-json\/wp\/v2\/types\/post"}],"author":[{"embeddable":true,"href":"https:\/\/veracruzanosexcepcionahles.com\/index.php\/wp-json\/wp\/v2\/users\/2"}],"replies":[{"embeddable":true,"href":"https:\/\/veracruzanosexcepcionahles.com\/index.php\/wp-json\/wp\/v2\/comments?post=6903"}],"version-history":[{"count":1,"href":"https:\/\/veracruzanosexcepcionahles.com\/index.php\/wp-json\/wp\/v2\/posts\/6903\/revisions"}],"predecessor-version":[{"id":6905,"href":"https:\/\/veracruzanosexcepcionahles.com\/index.php\/wp-json\/wp\/v2\/posts\/6903\/revisions\/6905"}],"wp:featuredmedia":[{"embeddable":true,"href":"https:\/\/veracruzanosexcepcionahles.com\/index.php\/wp-json\/wp\/v2\/media\/6904"}],"wp:attachment":[{"href":"https:\/\/veracruzanosexcepcionahles.com\/index.php\/wp-json\/wp\/v2\/media?parent=6903"}],"wp:term":[{"taxonomy":"category","embeddable":true,"href":"https:\/\/veracruzanosexcepcionahles.com\/index.php\/wp-json\/wp\/v2\/categories?post=6903"},{"taxonomy":"post_tag","embeddable":true,"href":"https:\/\/veracruzanosexcepcionahles.com\/index.php\/wp-json\/wp\/v2\/tags?post=6903"}],"curies":[{"name":"wp","href":"https:\/\/api.w.org\/{rel}","templated":true}]}}