{"id":6897,"date":"2025-08-03T22:53:19","date_gmt":"2025-08-04T04:53:19","guid":{"rendered":"https:\/\/veracruzanosexcepcionahles.com\/?p=6897"},"modified":"2025-08-03T22:53:21","modified_gmt":"2025-08-04T04:53:21","slug":"palabra-cumplida-inicia-rocio-nahle-reconstruccion-total-de-la-carretera-santiago-isla-y-puente-el-mostal","status":"publish","type":"post","link":"https:\/\/veracruzanosexcepcionahles.com\/index.php\/2025\/08\/03\/palabra-cumplida-inicia-rocio-nahle-reconstruccion-total-de-la-carretera-santiago-isla-y-puente-el-mostal\/","title":{"rendered":"Palabra cumplida: inicia Roc\u00edo Nahle reconstrucci\u00f3n total de la carretera Santiago-Isla y puente El Mostal"},"content":{"rendered":"\n<p>>Se ejecutar\u00e1 en cuatro frentes simult\u00e1neos; estar\u00e1 lista este a\u00f1o.<\/p>\n\n\n\n<p>&gt;Incluir\u00e1 pavimento asf\u00e1ltico mejorado y ampliaci\u00f3n de carriles.<\/p>\n\n\n\n<p><strong>Santiago Tuxtla, Ver., s\u00e1bado 02 de agosto de 2025.- <\/strong>Como parte de los compromisos adquiridos durante su campa\u00f1a, la gobernadora Roc\u00edo Nahle Garc\u00eda dio el banderazo de inicio a la reconstrucci\u00f3n con concreto asf\u00e1ltico de la carretera Santiago Tuxtla\u2013Isla, v\u00eda estrat\u00e9gica para la movilidad, el desarrollo econ\u00f3mico y la integraci\u00f3n del sur del estado.<\/p>\n\n\n\n<p>\u201cTiene que ser de calidad, ancha para un flujo de tr\u00e1fico r\u00e1pido y continuo\u201d, expres\u00f3 desde la comunidad de Tibernal, donde anunci\u00f3 que, debido a la urgencia de la obra, se trabajar\u00e1 en cuatro frentes simult\u00e1neos, con el objetivo de concluir antes del 31 de diciembre.<\/p>\n\n\n\n<p>Aunque inicialmente se contempl\u00f3 una v\u00eda de concreto hidr\u00e1ulico, estudios t\u00e9cnicos sobre el suelo, la humedad y la radiaci\u00f3n solar determinaron que el asfalto mejorado con grava de granulometr\u00eda reforzada ofrecer\u00e1 mayor durabilidad, \u201cquiero que se utilice un asfalto como el del bulevar de entrada a Villahermosa, con grano fuerte\u201d.<\/p>\n\n\n\n<p><a>Adem\u00e1s, instruy\u00f3 ampliar el ancho de la carretera para facilitar el tr\u00e1nsito y mejorar la seguridad, as\u00ed como sustituir los topes tradicionales por boyas reductoras de velocidad, con el fin de evitar el desgaste prematuro del pavimento.<\/a><\/p>\n\n\n\n<p>A trav\u00e9s de la Secretar\u00eda de Infraestructura y Obras P\u00fablicas (SIOP), encabezada por Leonardo Cornejo Serrano, se intervendr\u00e1n 60 kil\u00f3metros en beneficio de las familias de Los Tuxtlas, Juan Rodr\u00edguez Clara, Jos\u00e9 Azueta, Playa Vicente, Santiago Sochiapan y comunidades lim\u00edtrofes con Oaxaca.<\/p>\n\n\n\n<p>Entre las acciones prioritarias est\u00e1 la reconstrucci\u00f3n total del puente vehicular El Mostal, colapsado en octubre, entre las comunidades de Camacho y Las Galeras, \u201ctenemos que hacerlo nuevo, ser\u00e1 seguro y duradero\u201d, afirm\u00f3.<\/p>\n\n\n\n<p>Para garantizar el avance y la calidad de los trabajos, la Gobernadora nombr\u00f3 como supervisoras y supervisores a la diputada federal Paola Tenorio Adame; a la subsecretaria de Educaci\u00f3n B\u00e1sica, Maritza Ram\u00edrez Aguilar; al presidente municipal electo de San Andr\u00e9s Tuxtla, Rafael Fararoni Maga\u00f1a, y a la diputada federal Janix Liliana Castro Mu\u00f1oz, quienes dar\u00e1n seguimiento puntual, en coordinaci\u00f3n con la SIOP.<\/p>\n\n\n\n<p>Al evento asistieron la senadora Raquel Bonilla Herrera; el delegado de Programas para el Bienestar en Veracruz, Juan Javier G\u00f3mez Cazar\u00edn; la presidenta municipal de Santiago Tuxtla, Kristel Hern\u00e1ndez Topete, quien dio la bienvenida, y el presidente municipal de Isla, Gustavo Alfonso Torres.<\/p>\n","protected":false},"excerpt":{"rendered":"<p>>Se ejecutar\u00e1 en cuatro frentes simult\u00e1neos; estar\u00e1 lista este a\u00f1o. &gt;Incluir\u00e1 pavimento asf\u00e1ltico mejorado y ampliaci\u00f3n de carriles. Santiago Tuxtla, Ver., s\u00e1bado 02 de agosto de 2025.- Como parte de los compromisos adquiridos durante su campa\u00f1a, la gobernadora Roc\u00edo Nahle Garc\u00eda dio el banderazo de inicio a la reconstrucci\u00f3n con concreto asf\u00e1ltico de la carretera&#8230;<\/p>\n","protected":false},"author":2,"featured_media":6898,"comment_status":"closed","ping_status":"closed","sticky":false,"template":"","format":"standard","meta":{"_jetpack_memberships_contains_paid_content":false,"footnotes":"","jetpack_publicize_message":"","jetpack_publicize_feature_enabled":true,"jetpack_social_post_already_shared":true,"jetpack_social_options":{"image_generator_settings":{"template":"highway","default_image_id":0,"font":"","enabled":false},"version":2}},"categories":[23],"tags":[],"class_list":["post-6897","post","type-post","status-publish","format-standard","has-post-thumbnail","hentry","category-actividadesnahle"],"jetpack_publicize_connections":[],"jetpack_featured_media_url":"https:\/\/veracruzanosexcepcionahles.com\/wp-content\/uploads\/2025\/08\/WhatsApp-Image-2025-08-02-at-12.59.38-PM.jpeg","jetpack_sharing_enabled":true,"jetpack_likes_enabled":true,"jetpack_shortlink":"https:\/\/wp.me\/pe8dhK-1Nf","_links":{"self":[{"href":"https:\/\/veracruzanosexcepcionahles.com\/index.php\/wp-json\/wp\/v2\/posts\/6897","targetHints":{"allow":["GET"]}}],"collection":[{"href":"https:\/\/veracruzanosexcepcionahles.com\/index.php\/wp-json\/wp\/v2\/posts"}],"about":[{"href":"https:\/\/veracruzanosexcepcionahles.com\/index.php\/wp-json\/wp\/v2\/types\/post"}],"author":[{"embeddable":true,"href":"https:\/\/veracruzanosexcepcionahles.com\/index.php\/wp-json\/wp\/v2\/users\/2"}],"replies":[{"embeddable":true,"href":"https:\/\/veracruzanosexcepcionahles.com\/index.php\/wp-json\/wp\/v2\/comments?post=6897"}],"version-history":[{"count":1,"href":"https:\/\/veracruzanosexcepcionahles.com\/index.php\/wp-json\/wp\/v2\/posts\/6897\/revisions"}],"predecessor-version":[{"id":6899,"href":"https:\/\/veracruzanosexcepcionahles.com\/index.php\/wp-json\/wp\/v2\/posts\/6897\/revisions\/6899"}],"wp:featuredmedia":[{"embeddable":true,"href":"https:\/\/veracruzanosexcepcionahles.com\/index.php\/wp-json\/wp\/v2\/media\/6898"}],"wp:attachment":[{"href":"https:\/\/veracruzanosexcepcionahles.com\/index.php\/wp-json\/wp\/v2\/media?parent=6897"}],"wp:term":[{"taxonomy":"category","embeddable":true,"href":"https:\/\/veracruzanosexcepcionahles.com\/index.php\/wp-json\/wp\/v2\/categories?post=6897"},{"taxonomy":"post_tag","embeddable":true,"href":"https:\/\/veracruzanosexcepcionahles.com\/index.php\/wp-json\/wp\/v2\/tags?post=6897"}],"curies":[{"name":"wp","href":"https:\/\/api.w.org\/{rel}","templated":true}]}}