{"id":6894,"date":"2025-08-03T22:49:01","date_gmt":"2025-08-04T04:49:01","guid":{"rendered":"https:\/\/veracruzanosexcepcionahles.com\/?p=6894"},"modified":"2025-08-03T22:49:03","modified_gmt":"2025-08-04T04:49:03","slug":"arranca-verano-vasconcelos-en-coatepec-en-mahuixtlan","status":"publish","type":"post","link":"https:\/\/veracruzanosexcepcionahles.com\/index.php\/2025\/08\/03\/arranca-verano-vasconcelos-en-coatepec-en-mahuixtlan\/","title":{"rendered":"Arranca Verano Vasconcelos en Coatepec, en Mahuixtl\u00e1n"},"content":{"rendered":"\n<p><strong>Coatepec, Ver., s\u00e1bado 02 de agosto de 2025.- <\/strong>Para una experiencia formativa, l\u00fadica y memorable a las infancias, dio inicio el programa Verano Vasconcelos en Coatepec 2025 en la escuela primaria Rafael Ram\u00edrez de la comunidad de Mahuixtl\u00e1n.<\/p>\n\n\n\n<p>La iniciativa es resultado de la colaboraci\u00f3n entre la Coordinaci\u00f3n del Programa Vasconcelos, de la Secretar\u00eda de Educaci\u00f3n de Veracruz, y el Ayuntamiento de Coatepec.<\/p>\n\n\n\n<p>M\u00e1s all\u00e1 de ser una alternativa vacacional, ofrece un entorno seguro y afectivo donde ni\u00f1as, ni\u00f1os y adolescentes se diviertan, aprendan y fortalezcan sus capacidades.<\/p>\n\n\n\n<p>Durante una semana, participantes de entre 6 y 14 a\u00f1os desarrollar\u00e1n su creatividad y habilidades motrices, sociales y emocionales mediante actividades recreativas, deportivas, tecnol\u00f3gicas y art\u00edsticas, dise\u00f1adas con un enfoque de inclusi\u00f3n y respeto.<\/p>\n\n\n\n<p>El aula m\u00f3vil Vasconcelos, equipada con herramientas tecnol\u00f3gicas y operada por una brigada profesional y entusiasta, ser\u00e1 el centro de experiencias sensoriales, visuales y pr\u00e1cticas que impulsan el desarrollo integral de la ni\u00f1ez veracruzana.<\/p>\n","protected":false},"excerpt":{"rendered":"<p>Coatepec, Ver., s\u00e1bado 02 de agosto de 2025.- Para una experiencia formativa, l\u00fadica y memorable a las infancias, dio inicio el programa Verano Vasconcelos en Coatepec 2025 en la escuela primaria Rafael Ram\u00edrez de la comunidad de Mahuixtl\u00e1n. La iniciativa es resultado de la colaboraci\u00f3n entre la Coordinaci\u00f3n del Programa Vasconcelos, de la Secretar\u00eda de&#8230;<\/p>\n","protected":false},"author":2,"featured_media":6895,"comment_status":"closed","ping_status":"closed","sticky":false,"template":"","format":"standard","meta":{"_jetpack_memberships_contains_paid_content":false,"footnotes":"","jetpack_publicize_message":"","jetpack_publicize_feature_enabled":true,"jetpack_social_post_already_shared":true,"jetpack_social_options":{"image_generator_settings":{"template":"highway","default_image_id":0,"font":"","enabled":false},"version":2}},"categories":[2],"tags":[],"class_list":["post-6894","post","type-post","status-publish","format-standard","has-post-thumbnail","hentry","category-gobiernoestatal"],"jetpack_publicize_connections":[],"jetpack_featured_media_url":"https:\/\/veracruzanosexcepcionahles.com\/wp-content\/uploads\/2025\/08\/WhatsApp-Image-2025-08-02-at-10.35.34-AM.jpeg","jetpack_sharing_enabled":true,"jetpack_likes_enabled":true,"jetpack_shortlink":"https:\/\/wp.me\/pe8dhK-1Nc","_links":{"self":[{"href":"https:\/\/veracruzanosexcepcionahles.com\/index.php\/wp-json\/wp\/v2\/posts\/6894","targetHints":{"allow":["GET"]}}],"collection":[{"href":"https:\/\/veracruzanosexcepcionahles.com\/index.php\/wp-json\/wp\/v2\/posts"}],"about":[{"href":"https:\/\/veracruzanosexcepcionahles.com\/index.php\/wp-json\/wp\/v2\/types\/post"}],"author":[{"embeddable":true,"href":"https:\/\/veracruzanosexcepcionahles.com\/index.php\/wp-json\/wp\/v2\/users\/2"}],"replies":[{"embeddable":true,"href":"https:\/\/veracruzanosexcepcionahles.com\/index.php\/wp-json\/wp\/v2\/comments?post=6894"}],"version-history":[{"count":1,"href":"https:\/\/veracruzanosexcepcionahles.com\/index.php\/wp-json\/wp\/v2\/posts\/6894\/revisions"}],"predecessor-version":[{"id":6896,"href":"https:\/\/veracruzanosexcepcionahles.com\/index.php\/wp-json\/wp\/v2\/posts\/6894\/revisions\/6896"}],"wp:featuredmedia":[{"embeddable":true,"href":"https:\/\/veracruzanosexcepcionahles.com\/index.php\/wp-json\/wp\/v2\/media\/6895"}],"wp:attachment":[{"href":"https:\/\/veracruzanosexcepcionahles.com\/index.php\/wp-json\/wp\/v2\/media?parent=6894"}],"wp:term":[{"taxonomy":"category","embeddable":true,"href":"https:\/\/veracruzanosexcepcionahles.com\/index.php\/wp-json\/wp\/v2\/categories?post=6894"},{"taxonomy":"post_tag","embeddable":true,"href":"https:\/\/veracruzanosexcepcionahles.com\/index.php\/wp-json\/wp\/v2\/tags?post=6894"}],"curies":[{"name":"wp","href":"https:\/\/api.w.org\/{rel}","templated":true}]}}