{"id":6750,"date":"2025-07-23T21:33:05","date_gmt":"2025-07-24T03:33:05","guid":{"rendered":"https:\/\/veracruzanosexcepcionahles.com\/?p=6750"},"modified":"2025-07-23T21:33:07","modified_gmt":"2025-07-24T03:33:07","slug":"jornada-nacional-contra-el-dengue-veracruz-intensifica-brigadas-y-vigilancia","status":"publish","type":"post","link":"https:\/\/veracruzanosexcepcionahles.com\/index.php\/2025\/07\/23\/jornada-nacional-contra-el-dengue-veracruz-intensifica-brigadas-y-vigilancia\/","title":{"rendered":"Jornada nacional contra el dengue, Veracruz intensifica brigadas y vigilancia"},"content":{"rendered":"\n<p>>Medidas focalizadas para contener al mosquito Aedes aegypti.<\/p>\n\n\n\n<p><strong>Xalapa, Ver., mi\u00e9rcoles 23 de julio de 2025.- <\/strong>Veracruz est\u00e1 listo para participar en la Segunda jornada nacional de lucha contra el dengue, que se llevar\u00e1 a cabo del 11 al 17 de agosto, con una estrategia integral que contempla actividades de promoci\u00f3n, eliminaci\u00f3n de criaderos y la participaci\u00f3n activa de escuelas, comunidades y zonas prioritarias.<\/p>\n\n\n\n<p>Bajo la directriz de la gobernadora Roc\u00edo Nahle Garc\u00eda, la Secretar\u00eda de Salud ha intensificado el trabajo territorial mediante brigadas de vectores, consolidando la red estatal para la prevenci\u00f3n y control del dengue. Asimismo, mantiene una participaci\u00f3n constante en los subcomit\u00e9s de Prevenci\u00f3n y Control de Enfermedades Transmitidas por Vector, reforzando la coordinaci\u00f3n entre los tres \u00f3rdenes de gobierno y la sociedad.<\/p>\n\n\n\n<p>En este contexto, el secretario Valent\u00edn Herrera Alarc\u00f3n, se reuni\u00f3 con los jefes de las 11 jurisdicciones sanitarias para coordinar acciones que fortalezcan la vigilancia epidemiol\u00f3gica y la respuesta inmediata ante esta enfermedad transmitida por el mosquito <em>Aedes aegypti<\/em>.<\/p>\n\n\n\n<p>\u201cEl combate contra el dengue exige un esfuerzo conjunto entre instituciones, municipios y ciudadan\u00eda. La participaci\u00f3n social es fundamental para reducir los riesgos\u201d, afirm\u00f3 al reconocer el compromiso del personal operativo y los responsables jurisdiccionales.<\/p>\n\n\n\n<p>Durante la sesi\u00f3n, la Direcci\u00f3n de Salud P\u00fablica present\u00f3 el panorama actualizado de casos. De acuerdo con el Sistema Nacional de Vigilancia Epidemiol\u00f3gica (SINAVE), Veracruz acumula 793 casos confirmados en lo que va del a\u00f1o, los cuales est\u00e1n siendo atendidos de manera oportuna.<\/p>\n\n\n\n<p>Adem\u00e1s, como parte del fortalecimiento institucional, la Secretar\u00eda impulsa el diplomado Organizaci\u00f3n y Funcionamiento de Programas en el Primer Nivel, y destaca la implementaci\u00f3n de herramientas digitales como la Telemedicina, disponible en <a href=\"http:\/\/www.ssaver.gob.mx\/saluddigital\">www.ssaver.gob.mx\/saluddigital<\/a>, &nbsp;para ampliar el acceso a atenci\u00f3n m\u00e9dica especializada.<\/p>\n","protected":false},"excerpt":{"rendered":"<p>>Medidas focalizadas para contener al mosquito Aedes aegypti. Xalapa, Ver., mi\u00e9rcoles 23 de julio de 2025.- Veracruz est\u00e1 listo para participar en la Segunda jornada nacional de lucha contra el dengue, que se llevar\u00e1 a cabo del 11 al 17 de agosto, con una estrategia integral que contempla actividades de promoci\u00f3n, eliminaci\u00f3n de criaderos y&#8230;<\/p>\n","protected":false},"author":2,"featured_media":6751,"comment_status":"closed","ping_status":"closed","sticky":false,"template":"","format":"standard","meta":{"_jetpack_memberships_contains_paid_content":false,"footnotes":"","jetpack_publicize_message":"","jetpack_publicize_feature_enabled":true,"jetpack_social_post_already_shared":true,"jetpack_social_options":{"image_generator_settings":{"template":"highway","default_image_id":0,"font":"","enabled":false},"version":2}},"categories":[2],"tags":[],"class_list":["post-6750","post","type-post","status-publish","format-standard","has-post-thumbnail","hentry","category-gobiernoestatal"],"jetpack_publicize_connections":[],"jetpack_featured_media_url":"https:\/\/veracruzanosexcepcionahles.com\/wp-content\/uploads\/2025\/07\/WhatsApp-Image-2025-07-23-at-2.02.28-PM.jpeg","jetpack_sharing_enabled":true,"jetpack_likes_enabled":true,"jetpack_shortlink":"https:\/\/wp.me\/pe8dhK-1KS","_links":{"self":[{"href":"https:\/\/veracruzanosexcepcionahles.com\/index.php\/wp-json\/wp\/v2\/posts\/6750","targetHints":{"allow":["GET"]}}],"collection":[{"href":"https:\/\/veracruzanosexcepcionahles.com\/index.php\/wp-json\/wp\/v2\/posts"}],"about":[{"href":"https:\/\/veracruzanosexcepcionahles.com\/index.php\/wp-json\/wp\/v2\/types\/post"}],"author":[{"embeddable":true,"href":"https:\/\/veracruzanosexcepcionahles.com\/index.php\/wp-json\/wp\/v2\/users\/2"}],"replies":[{"embeddable":true,"href":"https:\/\/veracruzanosexcepcionahles.com\/index.php\/wp-json\/wp\/v2\/comments?post=6750"}],"version-history":[{"count":1,"href":"https:\/\/veracruzanosexcepcionahles.com\/index.php\/wp-json\/wp\/v2\/posts\/6750\/revisions"}],"predecessor-version":[{"id":6752,"href":"https:\/\/veracruzanosexcepcionahles.com\/index.php\/wp-json\/wp\/v2\/posts\/6750\/revisions\/6752"}],"wp:featuredmedia":[{"embeddable":true,"href":"https:\/\/veracruzanosexcepcionahles.com\/index.php\/wp-json\/wp\/v2\/media\/6751"}],"wp:attachment":[{"href":"https:\/\/veracruzanosexcepcionahles.com\/index.php\/wp-json\/wp\/v2\/media?parent=6750"}],"wp:term":[{"taxonomy":"category","embeddable":true,"href":"https:\/\/veracruzanosexcepcionahles.com\/index.php\/wp-json\/wp\/v2\/categories?post=6750"},{"taxonomy":"post_tag","embeddable":true,"href":"https:\/\/veracruzanosexcepcionahles.com\/index.php\/wp-json\/wp\/v2\/tags?post=6750"}],"curies":[{"name":"wp","href":"https:\/\/api.w.org\/{rel}","templated":true}]}}