{"id":6747,"date":"2025-07-23T21:27:24","date_gmt":"2025-07-24T03:27:24","guid":{"rendered":"https:\/\/veracruzanosexcepcionahles.com\/?p=6747"},"modified":"2025-07-23T21:27:27","modified_gmt":"2025-07-24T03:27:27","slug":"este-viernes-inicia-la-35a-feria-nacional-del-libro-infantil-y-juvenil","status":"publish","type":"post","link":"https:\/\/veracruzanosexcepcionahles.com\/index.php\/2025\/07\/23\/este-viernes-inicia-la-35a-feria-nacional-del-libro-infantil-y-juvenil\/","title":{"rendered":"Este viernes inicia la 35\u00aa Feria Nacional del Libro Infantil y Juvenil"},"content":{"rendered":"\n<p><strong>Xalapa, Ver., mi\u00e9rcoles 23 de julio de 2025.-<\/strong> La Secretar\u00eda de Cultura de Veracruz (SECVER) invita al p\u00fablico en general a la 35\u00aa edici\u00f3n de la Feria Nacional del Libro Infantil y Juvenil (FNLIyJ), que se realizar\u00e1 del 25 de julio al 03 de agosto en el Colegio Preparatorio de Xalapa. Todas las actividades ser\u00e1n gratuitas.<\/p>\n\n\n\n<p>Para esta edici\u00f3n se cre\u00f3 un nuevo personaje bajo el lema Leer para tejer historias: Amatl, una ni\u00f1a nacida del papel amate y de sue\u00f1os de los antiguos contadores de historias. Amatl vive en el coraz\u00f3n del bosque, donde las palabras florecen en \u00e1rboles y los cuentos son escritos por plumas de colibr\u00edes. Junto a sus amigos, cuida cada historia como si fuera una semilla m\u00e1gica.<\/p>\n\n\n\n<p>La inauguraci\u00f3n se llevar\u00e1 a cabo el pr\u00f3ximo viernes a las 17:00 horas con la participaci\u00f3n art\u00edstica de Zen\u00e9n Zeferino y el Sonoro Sue\u00f1o y Los Cojolites. El acto de clausura tendr\u00e1 lugar el domingo 03 de agosto a las 18:00 horas, con la presentaci\u00f3n de la Banda Sinf\u00f3nica y el Ballet Folkl\u00f3rico del Gobierno del Estado.<\/p>\n\n\n\n<p>Durante 10 d\u00edas se realizar\u00e1n m\u00e1s de 250 actividades dentro del programa literario y art\u00edstico, incluyendo presentaciones editoriales, de danza y teatro; charlas, conferencias, conciertos, as\u00ed como talleres para todo p\u00fablico con diversas tem\u00e1ticas y \u00e1reas de inter\u00e9s.<\/p>\n\n\n\n<p>Los salones donde se impartir\u00e1n los 64 talleres ser\u00e1n nombrados como personajes femeninos de historias infantiles destacadas de la literatura nacional e internacional: Xochipilli, Xanath, Mafalda, Sof\u00eda, Chihiro, Alicia y Matilda. Adem\u00e1s, se realizar\u00e1n actividades de formaci\u00f3n en la tradicional Casa del Cuento y la Sala de Lectura.<\/p>\n\n\n\n<p>Se llevar\u00e1n a cabo el 7\u00ba Encuentro de Ilustradoras e ilustradores del 26 al 28 de julio, el 6\u00ba Encuentro de Escritoras y Escritores en Lenguas Originarias del 29 al 31 de julio y el XXV Encuentro Estatal de Mediadores de Lectura del 01 al 03 de agosto. Este \u00faltimo reconocer\u00e1 la trayectoria de Pascuala Hern\u00e1ndez Hern\u00e1ndez, Aned Gardu\u00f1o Galindo y Tirso Bautista C\u00e1rdenas, promotores de lectura originarios de Veracruz.<\/p>\n\n\n\n<p>La Feria se contar\u00e1 con una expoventa de libros, participar\u00e1n 285 casas editoriales nacionales, librer\u00edas locales y libreros independientes que ofertar\u00e1n ejemplares a precios asequibles durante la venta especial el s\u00e1bado 02 de agosto, misma que finalizar\u00e1 a las 22:00 horas.<\/p>\n\n\n\n<p>Consulta el programa completo de las actividades a trav\u00e9s de: <a href=\"https:\/\/bit.ly\/Programa-35FNLIyJ\">https:\/\/bit.ly\/Programa-35FNLIyJ<\/a>. Para conocer m\u00e1s informaci\u00f3n acerca de las actividades que se llevar\u00e1n a cabo, consulta las redes sociales de la @SECVERFerias. Sigue la cuenta de la @SECVERoficial para conocer por qu\u00e9 Veracruz est\u00e1 de moda.<\/p>\n","protected":false},"excerpt":{"rendered":"<p>Xalapa, Ver., mi\u00e9rcoles 23 de julio de 2025.- La Secretar\u00eda de Cultura de Veracruz (SECVER) invita al p\u00fablico en general a la 35\u00aa edici\u00f3n de la Feria Nacional del Libro Infantil y Juvenil (FNLIyJ), que se realizar\u00e1 del 25 de julio al 03 de agosto en el Colegio Preparatorio de Xalapa. Todas las actividades ser\u00e1n&#8230;<\/p>\n","protected":false},"author":2,"featured_media":6748,"comment_status":"closed","ping_status":"closed","sticky":false,"template":"","format":"standard","meta":{"_jetpack_memberships_contains_paid_content":false,"footnotes":"","jetpack_publicize_message":"","jetpack_publicize_feature_enabled":true,"jetpack_social_post_already_shared":true,"jetpack_social_options":{"image_generator_settings":{"template":"highway","default_image_id":0,"font":"","enabled":false},"version":2}},"categories":[2],"tags":[],"class_list":["post-6747","post","type-post","status-publish","format-standard","has-post-thumbnail","hentry","category-gobiernoestatal"],"jetpack_publicize_connections":[],"jetpack_featured_media_url":"https:\/\/veracruzanosexcepcionahles.com\/wp-content\/uploads\/2025\/07\/WhatsApp-Image-2025-07-23-at-5.39.34-PM.jpeg","jetpack_sharing_enabled":true,"jetpack_likes_enabled":true,"jetpack_shortlink":"https:\/\/wp.me\/pe8dhK-1KP","_links":{"self":[{"href":"https:\/\/veracruzanosexcepcionahles.com\/index.php\/wp-json\/wp\/v2\/posts\/6747","targetHints":{"allow":["GET"]}}],"collection":[{"href":"https:\/\/veracruzanosexcepcionahles.com\/index.php\/wp-json\/wp\/v2\/posts"}],"about":[{"href":"https:\/\/veracruzanosexcepcionahles.com\/index.php\/wp-json\/wp\/v2\/types\/post"}],"author":[{"embeddable":true,"href":"https:\/\/veracruzanosexcepcionahles.com\/index.php\/wp-json\/wp\/v2\/users\/2"}],"replies":[{"embeddable":true,"href":"https:\/\/veracruzanosexcepcionahles.com\/index.php\/wp-json\/wp\/v2\/comments?post=6747"}],"version-history":[{"count":1,"href":"https:\/\/veracruzanosexcepcionahles.com\/index.php\/wp-json\/wp\/v2\/posts\/6747\/revisions"}],"predecessor-version":[{"id":6749,"href":"https:\/\/veracruzanosexcepcionahles.com\/index.php\/wp-json\/wp\/v2\/posts\/6747\/revisions\/6749"}],"wp:featuredmedia":[{"embeddable":true,"href":"https:\/\/veracruzanosexcepcionahles.com\/index.php\/wp-json\/wp\/v2\/media\/6748"}],"wp:attachment":[{"href":"https:\/\/veracruzanosexcepcionahles.com\/index.php\/wp-json\/wp\/v2\/media?parent=6747"}],"wp:term":[{"taxonomy":"category","embeddable":true,"href":"https:\/\/veracruzanosexcepcionahles.com\/index.php\/wp-json\/wp\/v2\/categories?post=6747"},{"taxonomy":"post_tag","embeddable":true,"href":"https:\/\/veracruzanosexcepcionahles.com\/index.php\/wp-json\/wp\/v2\/tags?post=6747"}],"curies":[{"name":"wp","href":"https:\/\/api.w.org\/{rel}","templated":true}]}}