{"id":6637,"date":"2025-07-14T23:06:40","date_gmt":"2025-07-15T05:06:40","guid":{"rendered":"https:\/\/veracruzanosexcepcionahles.com\/?p=6637"},"modified":"2025-07-14T23:06:42","modified_gmt":"2025-07-15T05:06:42","slug":"veracruz-entre-los-tres-mejores-con-practicas-en-habitos-saludables-sev","status":"publish","type":"post","link":"https:\/\/veracruzanosexcepcionahles.com\/index.php\/2025\/07\/14\/veracruz-entre-los-tres-mejores-con-practicas-en-habitos-saludables-sev\/","title":{"rendered":"Veracruz, entre los tres mejores con pr\u00e1cticas en h\u00e1bitos saludables: SEV"},"content":{"rendered":"\n<p>&gt;En breve iniciar\u00e1 segunda etapa del programa Maestro al Aula.<\/p>\n\n\n\n<p><strong>Xalapa, Ver., lunes 14 de julio de 2025.-<\/strong> Con el respaldo del programa estatal Estilos de Vida Saludable, Veracruz se ubica entre las tres entidades que cumplen con los requerimientos de la estrategia nacional Vive Saludable, iniciativa que busca contribuir al bienestar de la ni\u00f1ez a trav\u00e9s de la promoci\u00f3n de buenos h\u00e1bitos.<\/p>\n\n\n\n<p>Adem\u00e1s, en pr\u00f3ximas fechas dar\u00e1 inicio la segunda etapa del programa Maestro al Aula; su objetivo es fortalecer la excelencia acad\u00e9mica, mejorar los indicadores educativos a nivel nacional e invitar a las y los docentes que actualmente realizan funciones administrativas a reincorporarse a sus centros escolares para impartir clases.<\/p>\n\n\n\n<p>\u201cHoy m\u00e1s que nunca hacemos equipo con la presidenta Claudia Sheinbaum Pardo, quien ha reafirmado que la educaci\u00f3n es prioridad para la igualdad, la justicia y el bienestar. En Veracruz nos comprometemos a hacer realidad los principios de la Nueva Escuela Mexicana (NEM) en cada proyecto que impulse el aprendizaje\u201d, expres\u00f3 la secretaria de Educaci\u00f3n, Claudia Tello Espinosa.<\/p>\n\n\n\n<p>Durante la ceremonia de Lunes C\u00edvico, present\u00f3 de manera oficial al subsecretario de Educaci\u00f3n Media Superior y Superior, David Jim\u00e9nez Rojas. Asimismo, felicit\u00f3 a estudiantes de telesecundaria que participaron en la producci\u00f3n de videos que se difundir\u00e1n a nivel nacional como parte de la NEM, as\u00ed como a j\u00f3venes destacados de distintos planteles del Colegio Nacional de Educaci\u00f3n Profesional T\u00e9cnica (CONALEP).<\/p>\n\n\n\n<p>Por otro lado, inform\u00f3 que, ante las recientes fallas t\u00e9cnicas en la plataforma digital de la Secretar\u00eda de Educaci\u00f3n de Veracruz, ya cuentan con un diagn\u00f3stico completo de los requerimientos. Ser\u00e1 durante el periodo vacacional cuando se realice el cambio de servidores inform\u00e1ticos de la dependencia.<\/p>\n\n\n\n<p>Finalmente, se\u00f1al\u00f3 que contin\u00faa el proceso de Cambio de Centro de Trabajo, con el prop\u00f3sito de garantizar transparencia y justicia para las y los maestros que durante a\u00f1os lo han solicitado.<\/p>\n\n\n\n<p>Para evitar el d\u00e9ficit de personal docente, se realizan visitas a cada plantel, a fin de identificar las que requieren maestras y maestros. En caso de que alg\u00fan director no haya hecho el reporte correspondiente, se le har\u00e1 un extra\u00f1amiento.<\/p>\n","protected":false},"excerpt":{"rendered":"<p>&gt;En breve iniciar\u00e1 segunda etapa del programa Maestro al Aula. Xalapa, Ver., lunes 14 de julio de 2025.- Con el respaldo del programa estatal Estilos de Vida Saludable, Veracruz se ubica entre las tres entidades que cumplen con los requerimientos de la estrategia nacional Vive Saludable, iniciativa que busca contribuir al bienestar de la ni\u00f1ez&#8230;<\/p>\n","protected":false},"author":2,"featured_media":6638,"comment_status":"closed","ping_status":"closed","sticky":false,"template":"","format":"standard","meta":{"_jetpack_memberships_contains_paid_content":false,"footnotes":"","jetpack_publicize_message":"","jetpack_publicize_feature_enabled":true,"jetpack_social_post_already_shared":true,"jetpack_social_options":{"image_generator_settings":{"template":"highway","default_image_id":0,"font":"","enabled":false},"version":2}},"categories":[2],"tags":[],"class_list":["post-6637","post","type-post","status-publish","format-standard","has-post-thumbnail","hentry","category-gobiernoestatal"],"jetpack_publicize_connections":[],"jetpack_featured_media_url":"https:\/\/veracruzanosexcepcionahles.com\/wp-content\/uploads\/2025\/07\/WhatsApp-Image-2025-07-14-at-8.08.06-PM.jpeg","jetpack_sharing_enabled":true,"jetpack_likes_enabled":true,"jetpack_shortlink":"https:\/\/wp.me\/pe8dhK-1J3","_links":{"self":[{"href":"https:\/\/veracruzanosexcepcionahles.com\/index.php\/wp-json\/wp\/v2\/posts\/6637","targetHints":{"allow":["GET"]}}],"collection":[{"href":"https:\/\/veracruzanosexcepcionahles.com\/index.php\/wp-json\/wp\/v2\/posts"}],"about":[{"href":"https:\/\/veracruzanosexcepcionahles.com\/index.php\/wp-json\/wp\/v2\/types\/post"}],"author":[{"embeddable":true,"href":"https:\/\/veracruzanosexcepcionahles.com\/index.php\/wp-json\/wp\/v2\/users\/2"}],"replies":[{"embeddable":true,"href":"https:\/\/veracruzanosexcepcionahles.com\/index.php\/wp-json\/wp\/v2\/comments?post=6637"}],"version-history":[{"count":1,"href":"https:\/\/veracruzanosexcepcionahles.com\/index.php\/wp-json\/wp\/v2\/posts\/6637\/revisions"}],"predecessor-version":[{"id":6639,"href":"https:\/\/veracruzanosexcepcionahles.com\/index.php\/wp-json\/wp\/v2\/posts\/6637\/revisions\/6639"}],"wp:featuredmedia":[{"embeddable":true,"href":"https:\/\/veracruzanosexcepcionahles.com\/index.php\/wp-json\/wp\/v2\/media\/6638"}],"wp:attachment":[{"href":"https:\/\/veracruzanosexcepcionahles.com\/index.php\/wp-json\/wp\/v2\/media?parent=6637"}],"wp:term":[{"taxonomy":"category","embeddable":true,"href":"https:\/\/veracruzanosexcepcionahles.com\/index.php\/wp-json\/wp\/v2\/categories?post=6637"},{"taxonomy":"post_tag","embeddable":true,"href":"https:\/\/veracruzanosexcepcionahles.com\/index.php\/wp-json\/wp\/v2\/tags?post=6637"}],"curies":[{"name":"wp","href":"https:\/\/api.w.org\/{rel}","templated":true}]}}