{"id":6630,"date":"2025-07-13T22:56:53","date_gmt":"2025-07-14T04:56:53","guid":{"rendered":"https:\/\/veracruzanosexcepcionahles.com\/?p=6630"},"modified":"2025-07-13T22:56:55","modified_gmt":"2025-07-14T04:56:55","slug":"rocio-nahle-clausuro-el-exitoso-festival-internacional-del-bolero-en-veracruz","status":"publish","type":"post","link":"https:\/\/veracruzanosexcepcionahles.com\/index.php\/2025\/07\/13\/rocio-nahle-clausuro-el-exitoso-festival-internacional-del-bolero-en-veracruz\/","title":{"rendered":"Roc\u00edo Nahle clausur\u00f3 el exitoso Festival Internacional del Bolero en Veracruz"},"content":{"rendered":"\n<p>&gt;Confirma que el encuentro musical volver\u00e1 el pr\u00f3ximo a\u00f1o a Veracruz y Tlacotalpan.<\/p>\n\n\n\n<p>&gt;Durante cuatro noches, Veracruz disfrut\u00f3 de los grandes cl\u00e1sicos de la \u00e9poca dorada.<\/p>\n\n\n\n<p>&gt;Se rindi\u00f3 homenaje a Armando Manzanero y al Flaco de Oro, Agust\u00edn Lara.<\/p>\n\n\n\n<figure class=\"wp-block-gallery has-nested-images columns-default is-cropped wp-block-gallery-1 is-layout-flex wp-block-gallery-is-layout-flex\">\n<figure class=\"wp-block-image size-large\"><img loading=\"lazy\" decoding=\"async\" width=\"1024\" height=\"683\" data-id=\"6631\" src=\"https:\/\/veracruzanosexcepcionahles.com\/wp-content\/uploads\/2025\/07\/WhatsApp-Image-2025-07-13-at-9.33.22-PM-1024x683.jpeg\" alt=\"\" class=\"wp-image-6631\" srcset=\"https:\/\/veracruzanosexcepcionahles.com\/wp-content\/uploads\/2025\/07\/WhatsApp-Image-2025-07-13-at-9.33.22-PM-1024x683.jpeg 1024w, https:\/\/veracruzanosexcepcionahles.com\/wp-content\/uploads\/2025\/07\/WhatsApp-Image-2025-07-13-at-9.33.22-PM-300x200.jpeg 300w, https:\/\/veracruzanosexcepcionahles.com\/wp-content\/uploads\/2025\/07\/WhatsApp-Image-2025-07-13-at-9.33.22-PM-768x512.jpeg 768w, https:\/\/veracruzanosexcepcionahles.com\/wp-content\/uploads\/2025\/07\/WhatsApp-Image-2025-07-13-at-9.33.22-PM-1536x1024.jpeg 1536w, https:\/\/veracruzanosexcepcionahles.com\/wp-content\/uploads\/2025\/07\/WhatsApp-Image-2025-07-13-at-9.33.22-PM-2048x1365.jpeg 2048w, https:\/\/veracruzanosexcepcionahles.com\/wp-content\/uploads\/2025\/07\/WhatsApp-Image-2025-07-13-at-9.33.22-PM-600x400.jpeg 600w\" sizes=\"auto, (max-width: 1024px) 100vw, 1024px\" \/><\/figure>\n\n\n\n<figure class=\"wp-block-image size-large\"><img loading=\"lazy\" decoding=\"async\" width=\"1024\" height=\"683\" data-id=\"6632\" src=\"https:\/\/veracruzanosexcepcionahles.com\/wp-content\/uploads\/2025\/07\/WhatsApp-Image-2025-07-13-at-9.34.32-PM-1024x683.jpeg\" alt=\"\" class=\"wp-image-6632\" srcset=\"https:\/\/veracruzanosexcepcionahles.com\/wp-content\/uploads\/2025\/07\/WhatsApp-Image-2025-07-13-at-9.34.32-PM-1024x683.jpeg 1024w, https:\/\/veracruzanosexcepcionahles.com\/wp-content\/uploads\/2025\/07\/WhatsApp-Image-2025-07-13-at-9.34.32-PM-300x200.jpeg 300w, https:\/\/veracruzanosexcepcionahles.com\/wp-content\/uploads\/2025\/07\/WhatsApp-Image-2025-07-13-at-9.34.32-PM-768x512.jpeg 768w, https:\/\/veracruzanosexcepcionahles.com\/wp-content\/uploads\/2025\/07\/WhatsApp-Image-2025-07-13-at-9.34.32-PM-1536x1024.jpeg 1536w, https:\/\/veracruzanosexcepcionahles.com\/wp-content\/uploads\/2025\/07\/WhatsApp-Image-2025-07-13-at-9.34.32-PM-2048x1365.jpeg 2048w, https:\/\/veracruzanosexcepcionahles.com\/wp-content\/uploads\/2025\/07\/WhatsApp-Image-2025-07-13-at-9.34.32-PM-600x400.jpeg 600w\" sizes=\"auto, (max-width: 1024px) 100vw, 1024px\" \/><\/figure>\n\n\n\n<figure class=\"wp-block-image size-large\"><img loading=\"lazy\" decoding=\"async\" width=\"1024\" height=\"683\" data-id=\"6633\" src=\"https:\/\/veracruzanosexcepcionahles.com\/wp-content\/uploads\/2025\/07\/WhatsApp-Image-2025-07-13-at-9.22.10-PM-1024x683.jpeg\" alt=\"\" class=\"wp-image-6633\" srcset=\"https:\/\/veracruzanosexcepcionahles.com\/wp-content\/uploads\/2025\/07\/WhatsApp-Image-2025-07-13-at-9.22.10-PM-1024x683.jpeg 1024w, https:\/\/veracruzanosexcepcionahles.com\/wp-content\/uploads\/2025\/07\/WhatsApp-Image-2025-07-13-at-9.22.10-PM-300x200.jpeg 300w, https:\/\/veracruzanosexcepcionahles.com\/wp-content\/uploads\/2025\/07\/WhatsApp-Image-2025-07-13-at-9.22.10-PM-768x512.jpeg 768w, https:\/\/veracruzanosexcepcionahles.com\/wp-content\/uploads\/2025\/07\/WhatsApp-Image-2025-07-13-at-9.22.10-PM-1536x1024.jpeg 1536w, https:\/\/veracruzanosexcepcionahles.com\/wp-content\/uploads\/2025\/07\/WhatsApp-Image-2025-07-13-at-9.22.10-PM-2048x1366.jpeg 2048w, https:\/\/veracruzanosexcepcionahles.com\/wp-content\/uploads\/2025\/07\/WhatsApp-Image-2025-07-13-at-9.22.10-PM-600x400.jpeg 600w\" sizes=\"auto, (max-width: 1024px) 100vw, 1024px\" \/><\/figure>\n\n\n\n<figure class=\"wp-block-image size-large\"><img loading=\"lazy\" decoding=\"async\" width=\"1024\" height=\"683\" data-id=\"6634\" src=\"https:\/\/veracruzanosexcepcionahles.com\/wp-content\/uploads\/2025\/07\/WhatsApp-Image-2025-07-13-at-9.22.08-PM-1024x683.jpeg\" alt=\"\" class=\"wp-image-6634\" srcset=\"https:\/\/veracruzanosexcepcionahles.com\/wp-content\/uploads\/2025\/07\/WhatsApp-Image-2025-07-13-at-9.22.08-PM-1024x683.jpeg 1024w, https:\/\/veracruzanosexcepcionahles.com\/wp-content\/uploads\/2025\/07\/WhatsApp-Image-2025-07-13-at-9.22.08-PM-300x200.jpeg 300w, https:\/\/veracruzanosexcepcionahles.com\/wp-content\/uploads\/2025\/07\/WhatsApp-Image-2025-07-13-at-9.22.08-PM-768x512.jpeg 768w, https:\/\/veracruzanosexcepcionahles.com\/wp-content\/uploads\/2025\/07\/WhatsApp-Image-2025-07-13-at-9.22.08-PM-1536x1024.jpeg 1536w, https:\/\/veracruzanosexcepcionahles.com\/wp-content\/uploads\/2025\/07\/WhatsApp-Image-2025-07-13-at-9.22.08-PM-2048x1365.jpeg 2048w, https:\/\/veracruzanosexcepcionahles.com\/wp-content\/uploads\/2025\/07\/WhatsApp-Image-2025-07-13-at-9.22.08-PM-600x400.jpeg 600w\" sizes=\"auto, (max-width: 1024px) 100vw, 1024px\" \/><\/figure>\n\n\n\n<figure class=\"wp-block-image size-large\"><img loading=\"lazy\" decoding=\"async\" width=\"1024\" height=\"682\" data-id=\"6635\" src=\"https:\/\/veracruzanosexcepcionahles.com\/wp-content\/uploads\/2025\/07\/WhatsApp-Image-2025-07-13-at-9.21.51-PM-1024x682.jpeg\" alt=\"\" class=\"wp-image-6635\" srcset=\"https:\/\/veracruzanosexcepcionahles.com\/wp-content\/uploads\/2025\/07\/WhatsApp-Image-2025-07-13-at-9.21.51-PM-1024x682.jpeg 1024w, https:\/\/veracruzanosexcepcionahles.com\/wp-content\/uploads\/2025\/07\/WhatsApp-Image-2025-07-13-at-9.21.51-PM-300x200.jpeg 300w, https:\/\/veracruzanosexcepcionahles.com\/wp-content\/uploads\/2025\/07\/WhatsApp-Image-2025-07-13-at-9.21.51-PM-768x512.jpeg 768w, https:\/\/veracruzanosexcepcionahles.com\/wp-content\/uploads\/2025\/07\/WhatsApp-Image-2025-07-13-at-9.21.51-PM-600x400.jpeg 600w, https:\/\/veracruzanosexcepcionahles.com\/wp-content\/uploads\/2025\/07\/WhatsApp-Image-2025-07-13-at-9.21.51-PM.jpeg 1280w\" sizes=\"auto, (max-width: 1024px) 100vw, 1024px\" \/><\/figure>\n<\/figure>\n\n\n\n<p><strong>Veracruz, Ver., domingo 13 de julio de 2025<\/strong>.-Al encabezar la ceremonia de clausura del primer Festival Internacional del Bolero, la gobernadora Roc\u00edo Nahle Garc\u00eda reconoci\u00f3 a artistas, p\u00fablico y organizadores por hacer de este evento un referente nacional de cultura, identidad y emoci\u00f3n colectiva<\/p>\n\n\n\n<p>\u201cEste ha sido un festival extraordinario. Agradezco a Rodrigo de la Cadena por su direcci\u00f3n art\u00edstica y compromiso con esta causa. Hoy clausuramos este encuentro, pero ya estamos comprometidos para la segunda edici\u00f3n en 2026\u201d, expres\u00f3 ante un Teatro de la Reforma lleno y entregado al Bolero Sinf\u00f3nico, que cerr\u00f3 con broche de oro la jornada.<\/p>\n\n\n\n<p>La Gobernadora entreg\u00f3 un reconocimiento simb\u00f3lico a Rodrigo de la Cadena, director art\u00edstico del Festival y responsable de los arreglos musicales que dieron forma al espect\u00e1culo final, adem\u00e1s confirm\u00f3 la continuidad en las dos sedes que lo vieron nacer: Veracruz y Tlacotalapan.<\/p>\n\n\n\n<figure class=\"wp-block-embed is-type-video is-provider-youtube wp-block-embed-youtube wp-embed-aspect-16-9 wp-has-aspect-ratio\"><div class=\"wp-block-embed__wrapper\">\n<iframe loading=\"lazy\" title=\"Roc\u00edo Nahle clausur\u00f3 el exitoso Festival Internacional del Bolero en Veracruz\" width=\"640\" height=\"360\" src=\"https:\/\/www.youtube.com\/embed\/XHma-sj7Zus?feature=oembed\" frameborder=\"0\" allow=\"accelerometer; autoplay; clipboard-write; encrypted-media; gyroscope; picture-in-picture; web-share\" referrerpolicy=\"strict-origin-when-cross-origin\" allowfullscreen><\/iframe>\n<\/div><\/figure>\n\n\n\n<p>\u201cEl \u00fanico esperanto posible es la m\u00fasica. M\u00e1s guitarras, m\u00e1s instrumentos, menos armas; m\u00e1s canto, m\u00e1s valores. Veracruz est\u00e1 ejerciendo en plenitud el derecho a la cultura\u201d, subray\u00f3 De la Cadena al agradecer al Gobierno del Estado por respaldar expresiones que dan sentido y esperanza a la vida<\/p>\n\n\n\n<p>Del 10 al 13 de julio, los teatros de Veracruz y Tlacotalpan albergaron una programaci\u00f3n sin precedentes: concursos de nuevas voces, galas internacionales y homenajes a leyendas como Armando Manzanero y Agust\u00edn Lara, con la participaci\u00f3n de artistas nacionales e internacionales<\/p>\n\n\n\n<p>La \u00faltima noche del Festival ofreci\u00f3 un programa especial con la participaci\u00f3n de la Orquesta Sinf\u00f3nica Juvenil del Estado de Veracruz, bajo la direcci\u00f3n de Mar\u00eda del Consuelo Bolio y con arreglos del maestro Abraham Barrera, acompa\u00f1ados por el cuarteto Los Miranda y el propio Rodrigo de la Cadena<\/p>\n\n\n\n<p>Durante casi dos horas, el p\u00fablico disfrut\u00f3 de un repertorio cuidadosamente seleccionado: las notas de Mu\u00f1equita linda, As\u00ed y Cuando vuelva a tu lado, de Mar\u00eda Grever, abrieron la noche con delicadeza. El legado de Vicente Garrido llen\u00f3 la sala con temas como Todo, Te me olvidas y No me platiques.<\/p>\n\n\n\n<p>La sensibilidad po\u00e9tica de \u00c1lvaro Carrillo se hizo presente con Como un lunar, La mentira y Sabor a m\u00ed, coreadas por un p\u00fablico entregado; el dramatismo de Roberto Cantoral brill\u00f3 en Reg\u00e1lame esta noche, Reloj y La barca; el tributo a Armando Manzanero incluy\u00f3 El ciego, No s\u00e9 t\u00fa y Esta tarde vi llover Finalmente.<\/p>\n\n\n\n<p>El homenaje al inmortal Agust\u00edn Lara provoc\u00f3 una de las ovaciones m\u00e1s sentidas de la noche con Mujer divina, Rival, Piensa en m\u00ed, Mar\u00eda bonita, Solamente una vez y Madrid, adem\u00e1s de incluir piezas de Ema Elena Valdelamar como Mil besos, Mucho coraz\u00f3n y Cheque en blanco.<\/p>\n\n\n\n<p>La presencia juvenil en el escenario reafirm\u00f3 que el bolero sigue vivo y su futuro est\u00e1 asegurado. La OSJEV est\u00e1 integrada por estudiantes de la Licenciatura en Ejecuci\u00f3n de Instrumentos Orquestales, del ciclo previo y de los talleres de educaci\u00f3n continua del Instituto Superior de M\u00fasica del Estado de Veracruz.<\/p>\n\n\n\n<p>Por su parte, Los Miranda, cuarteto formado por los hermanos Laura, Cecilia, Ver\u00f3nica y H\u00e9ctor, llevan en la sangre la pasi\u00f3n por el bolero, heredada de su padre, el trovador H\u00e9ctor Miranda, fallecido en 2018. Su talento fue descubierto por Rodrigo de la Cadena, quien los integr\u00f3 al programa del Festival Mundial del Bolero en 2019.<\/p>\n\n\n\n<p><strong>\u00a1Veracruz est\u00e1 de moda<a><\/a>!<\/strong><\/p>\n","protected":false},"excerpt":{"rendered":"<p>&gt;Confirma que el encuentro musical volver\u00e1 el pr\u00f3ximo a\u00f1o a Veracruz y Tlacotalpan. &gt;Durante cuatro noches, Veracruz disfrut\u00f3 de los grandes cl\u00e1sicos de la \u00e9poca dorada. &gt;Se rindi\u00f3 homenaje a Armando Manzanero y al Flaco de Oro, Agust\u00edn Lara. Veracruz, Ver., domingo 13 de julio de 2025.-Al encabezar la ceremonia de clausura del primer Festival&#8230;<\/p>\n","protected":false},"author":2,"featured_media":6635,"comment_status":"closed","ping_status":"closed","sticky":false,"template":"","format":"standard","meta":{"_jetpack_memberships_contains_paid_content":false,"footnotes":"","jetpack_publicize_message":"","jetpack_publicize_feature_enabled":true,"jetpack_social_post_already_shared":true,"jetpack_social_options":{"image_generator_settings":{"template":"highway","default_image_id":0,"font":"","enabled":false},"version":2}},"categories":[23],"tags":[],"class_list":["post-6630","post","type-post","status-publish","format-standard","has-post-thumbnail","hentry","category-actividadesnahle"],"jetpack_publicize_connections":[],"jetpack_featured_media_url":"https:\/\/veracruzanosexcepcionahles.com\/wp-content\/uploads\/2025\/07\/WhatsApp-Image-2025-07-13-at-9.21.51-PM.jpeg","jetpack_sharing_enabled":true,"jetpack_likes_enabled":true,"jetpack_shortlink":"https:\/\/wp.me\/pe8dhK-1IW","_links":{"self":[{"href":"https:\/\/veracruzanosexcepcionahles.com\/index.php\/wp-json\/wp\/v2\/posts\/6630","targetHints":{"allow":["GET"]}}],"collection":[{"href":"https:\/\/veracruzanosexcepcionahles.com\/index.php\/wp-json\/wp\/v2\/posts"}],"about":[{"href":"https:\/\/veracruzanosexcepcionahles.com\/index.php\/wp-json\/wp\/v2\/types\/post"}],"author":[{"embeddable":true,"href":"https:\/\/veracruzanosexcepcionahles.com\/index.php\/wp-json\/wp\/v2\/users\/2"}],"replies":[{"embeddable":true,"href":"https:\/\/veracruzanosexcepcionahles.com\/index.php\/wp-json\/wp\/v2\/comments?post=6630"}],"version-history":[{"count":1,"href":"https:\/\/veracruzanosexcepcionahles.com\/index.php\/wp-json\/wp\/v2\/posts\/6630\/revisions"}],"predecessor-version":[{"id":6636,"href":"https:\/\/veracruzanosexcepcionahles.com\/index.php\/wp-json\/wp\/v2\/posts\/6630\/revisions\/6636"}],"wp:featuredmedia":[{"embeddable":true,"href":"https:\/\/veracruzanosexcepcionahles.com\/index.php\/wp-json\/wp\/v2\/media\/6635"}],"wp:attachment":[{"href":"https:\/\/veracruzanosexcepcionahles.com\/index.php\/wp-json\/wp\/v2\/media?parent=6630"}],"wp:term":[{"taxonomy":"category","embeddable":true,"href":"https:\/\/veracruzanosexcepcionahles.com\/index.php\/wp-json\/wp\/v2\/categories?post=6630"},{"taxonomy":"post_tag","embeddable":true,"href":"https:\/\/veracruzanosexcepcionahles.com\/index.php\/wp-json\/wp\/v2\/tags?post=6630"}],"curies":[{"name":"wp","href":"https:\/\/api.w.org\/{rel}","templated":true}]}}