{"id":6610,"date":"2025-07-11T23:12:35","date_gmt":"2025-07-12T05:12:35","guid":{"rendered":"https:\/\/veracruzanosexcepcionahles.com\/?p=6610"},"modified":"2025-07-11T23:12:37","modified_gmt":"2025-07-12T05:12:37","slug":"fomenta-sev-el-desarrollo-creativo-con-talleres-artisticos-en-planteles-escolares","status":"publish","type":"post","link":"https:\/\/veracruzanosexcepcionahles.com\/index.php\/2025\/07\/11\/fomenta-sev-el-desarrollo-creativo-con-talleres-artisticos-en-planteles-escolares\/","title":{"rendered":"Fomenta SEV el desarrollo creativo con talleres art\u00edsticos en planteles escolares"},"content":{"rendered":"\n<p>&gt;M\u00e1s de 90 mil estudiantes en 57 municipios ya participan en actividades.<\/p>\n\n\n\n<p><strong>Xalapa, Ver., viernes 11 de julio de 2025.- <\/strong>Para fomentar la sensibilidad, la creatividad y la identidad cultural entre estudiantes, la Secretar\u00eda de Educaci\u00f3n de Veracruz (SEV) puso en marcha el programa Educaci\u00f3n a trav\u00e9s del Arte, estrategia que promover\u00e1 diversas expresiones art\u00edsticas en planteles de todos los niveles educativos.<\/p>\n\n\n\n<p>Este programa contempla tres l\u00edneas de acci\u00f3n, llevar talleres y actividades art\u00edsticas a escuelas de Educaci\u00f3n B\u00e1sica, Media Superior y Superior; impulsar contenidos audiovisuales, como c\u00e1psulas educativas de dibujo, pintura, teatro y m\u00fasica, que ser\u00e1n distribuidas en los distintos niveles educativos y capacitar a docentes en temas de arte y pedagog\u00eda cultural, para que impartan Educaci\u00f3n Art\u00edstica en sus respectivos planteles.<\/p>\n\n\n\n<p>La secretaria Claudia Tello Espinosa, encabez\u00f3 el acto inaugural realizado en la primaria Enrique C. R\u00e9bsamen, donde dio inicio formal a los primeros talleres: Pintura de Sombras, Escultura M\u00f3vil, Forma, Textura y Color Guacamaya y Son Jarocho.<\/p>\n\n\n\n<p>Destac\u00f3 que este esfuerzo se alinea con los principios de la Nueva Escuela Mexicana y es respaldado por el impulso a la educaci\u00f3n que lideran la presidenta Claudia Sheinbaum Pardo y la gobernadora de Veracruz, Roc\u00edo Nahle Garc\u00eda, a trav\u00e9s del fortalecimiento de becas educativas y programas integrales.<\/p>\n\n\n\n<p>La subsecretaria de Desarrollo Educativo, Rosalba Valencia Cruz, subray\u00f3 que el arte se convierte en una herramienta pedag\u00f3gica fundamental para desarrollar habilidades cognitivas, creativas y socioemocionales en la comunidad escolar.<\/p>\n\n\n\n<p>El director de Actividades Art\u00edsticas, \u00c1ngel Alberto Borjas Solorza, explic\u00f3 que durante los primeros siete meses de operaci\u00f3n, el programa ha llegado ya a m\u00e1s de 90 mil estudiantes en 57 municipios, mediante talleres y conciertos did\u00e1cticos, y anunci\u00f3 su expansi\u00f3n en todo el estado.<\/p>\n\n\n\n<p>Durante el evento, la directora del plantel sede, Elo\u00edsa Constantino Morales, dio la bienvenida a las autoridades e invitados, entre ellos la diputada local Valeria M\u00e9ndez, y ni\u00f1as y ni\u00f1os compartieron su entusiasmo por participar en estas actividades.<\/p>\n","protected":false},"excerpt":{"rendered":"<p>&gt;M\u00e1s de 90 mil estudiantes en 57 municipios ya participan en actividades. Xalapa, Ver., viernes 11 de julio de 2025.- Para fomentar la sensibilidad, la creatividad y la identidad cultural entre estudiantes, la Secretar\u00eda de Educaci\u00f3n de Veracruz (SEV) puso en marcha el programa Educaci\u00f3n a trav\u00e9s del Arte, estrategia que promover\u00e1 diversas expresiones art\u00edsticas&#8230;<\/p>\n","protected":false},"author":2,"featured_media":6611,"comment_status":"closed","ping_status":"closed","sticky":false,"template":"","format":"standard","meta":{"_jetpack_memberships_contains_paid_content":false,"footnotes":"","jetpack_publicize_message":"","jetpack_publicize_feature_enabled":true,"jetpack_social_post_already_shared":true,"jetpack_social_options":{"image_generator_settings":{"template":"highway","default_image_id":0,"font":"","enabled":false},"version":2}},"categories":[2],"tags":[],"class_list":["post-6610","post","type-post","status-publish","format-standard","has-post-thumbnail","hentry","category-gobiernoestatal"],"jetpack_publicize_connections":[],"jetpack_featured_media_url":"https:\/\/veracruzanosexcepcionahles.com\/wp-content\/uploads\/2025\/07\/WhatsApp-Image-2025-07-11-at-8.08.27-PM.jpeg","jetpack_sharing_enabled":true,"jetpack_likes_enabled":true,"jetpack_shortlink":"https:\/\/wp.me\/pe8dhK-1IC","_links":{"self":[{"href":"https:\/\/veracruzanosexcepcionahles.com\/index.php\/wp-json\/wp\/v2\/posts\/6610","targetHints":{"allow":["GET"]}}],"collection":[{"href":"https:\/\/veracruzanosexcepcionahles.com\/index.php\/wp-json\/wp\/v2\/posts"}],"about":[{"href":"https:\/\/veracruzanosexcepcionahles.com\/index.php\/wp-json\/wp\/v2\/types\/post"}],"author":[{"embeddable":true,"href":"https:\/\/veracruzanosexcepcionahles.com\/index.php\/wp-json\/wp\/v2\/users\/2"}],"replies":[{"embeddable":true,"href":"https:\/\/veracruzanosexcepcionahles.com\/index.php\/wp-json\/wp\/v2\/comments?post=6610"}],"version-history":[{"count":1,"href":"https:\/\/veracruzanosexcepcionahles.com\/index.php\/wp-json\/wp\/v2\/posts\/6610\/revisions"}],"predecessor-version":[{"id":6612,"href":"https:\/\/veracruzanosexcepcionahles.com\/index.php\/wp-json\/wp\/v2\/posts\/6610\/revisions\/6612"}],"wp:featuredmedia":[{"embeddable":true,"href":"https:\/\/veracruzanosexcepcionahles.com\/index.php\/wp-json\/wp\/v2\/media\/6611"}],"wp:attachment":[{"href":"https:\/\/veracruzanosexcepcionahles.com\/index.php\/wp-json\/wp\/v2\/media?parent=6610"}],"wp:term":[{"taxonomy":"category","embeddable":true,"href":"https:\/\/veracruzanosexcepcionahles.com\/index.php\/wp-json\/wp\/v2\/categories?post=6610"},{"taxonomy":"post_tag","embeddable":true,"href":"https:\/\/veracruzanosexcepcionahles.com\/index.php\/wp-json\/wp\/v2\/tags?post=6610"}],"curies":[{"name":"wp","href":"https:\/\/api.w.org\/{rel}","templated":true}]}}