{"id":6607,"date":"2025-07-11T23:10:02","date_gmt":"2025-07-12T05:10:02","guid":{"rendered":"https:\/\/veracruzanosexcepcionahles.com\/?p=6607"},"modified":"2025-07-11T23:10:04","modified_gmt":"2025-07-12T05:10:04","slug":"gobierno-de-veracruz-fortalece-formacion-academica-del-servicio-publico","status":"publish","type":"post","link":"https:\/\/veracruzanosexcepcionahles.com\/index.php\/2025\/07\/11\/gobierno-de-veracruz-fortalece-formacion-academica-del-servicio-publico\/","title":{"rendered":"Gobierno de Veracruz fortalece formaci\u00f3n acad\u00e9mica del servicio p\u00fablico"},"content":{"rendered":"\n<p>&gt;Participaci\u00f3n de m\u00e1s de 47 universidades y centros de formaci\u00f3n.<\/p>\n\n\n\n<p>&gt;Este viernes se realiza el cierre de actividades en el ORFIS.<\/p>\n\n\n\n<p><strong>Xalapa, Ver., viernes 11 de julio de 2025.-<\/strong> La Expo Educativa organizada por la Secretar\u00eda de Finanzas y Planeaci\u00f3n (Sefiplan), en coordinaci\u00f3n con la Secretar\u00eda de Educaci\u00f3n de Veracruz (SEV), concluye este viernes tras dos jornadas de atenci\u00f3n a servidoras y servidores p\u00fablicos del Gobierno del Estado, as\u00ed como a sus familias.<\/p>\n\n\n\n<p>El evento inici\u00f3 el jueves 10 en las instalaciones de la Sefiplan, donde se dispusieron de 47 stands de universidades y centros de formaci\u00f3n con una oferta acad\u00e9mica que abarca desde licenciaturas hasta posgrados, diplomados, certificaciones, cursos de idiomas y carreras t\u00e9cnicas.<\/p>\n\n\n\n<p>Gracias a los convenios de colaboraci\u00f3n vigentes mediante el Servicio P\u00fablico de Carrera, estas instituciones ofrecen descuentos preferenciales, promociones exclusivas y ahorros significativos para el personal de la administraci\u00f3n p\u00fablica estatal y sus familiares directos.<\/p>\n\n\n\n<p>La iniciativa tiene como prop\u00f3sito fomentar el desarrollo acad\u00e9mico y la profesionalizaci\u00f3n del personal al servicio del estado, promoviendo el acceso a opciones educativas de calidad.<\/p>\n\n\n\n<p>La subdirectora del Servicio P\u00fablico de Carrera, Mar\u00eda de los \u00c1ngeles L\u00f3pez Garc\u00eda, afirm\u00f3 que la educaci\u00f3n es &#8220;una herramienta de transformaci\u00f3n y crecimiento tanto personal como institucional&#8221;, y subray\u00f3 el compromiso con la formaci\u00f3n continua.<\/p>\n\n\n\n<p>En representaci\u00f3n de la SEV, Jos\u00e9 \u00c1ngel Noriega Guerrero destac\u00f3 que \u201cesta promoci\u00f3n educativa es una oportunidad no solo para los trabajadores del gobierno, sino tambi\u00e9n para sus hijos y familiares cercanos, lo que fortalece la pol\u00edtica p\u00fablica educativa del estado\u201d.<\/p>\n\n\n\n<p>Entre las instituciones participantes se encuentran Universidad An\u00e1huac, Universidad de Xalapa, Universidad EuroHispanoamericana, Universidad Popular Aut\u00f3noma de Veracruz, el Colegio de Veracruz, Instituto de Administraci\u00f3n P\u00fablica, Consorcio Clavijero, Universidad de Turismo, escuelas de idiomas como Harmon Hall, Kiosk y King George, as\u00ed como institutos especializados como el de Psicolog\u00eda, el de Posgrados de Xalapa, entre otros.<\/p>\n\n\n\n<p>Este viernes 11 de julio se lleva a cabo la segunda y \u00faltima jornada de la Expo en el edificio del Organismo de Fiscalizaci\u00f3n Superior, donde contin\u00faa la atenci\u00f3n al p\u00fablico interesado.<\/p>\n","protected":false},"excerpt":{"rendered":"<p>&gt;Participaci\u00f3n de m\u00e1s de 47 universidades y centros de formaci\u00f3n. &gt;Este viernes se realiza el cierre de actividades en el ORFIS. Xalapa, Ver., viernes 11 de julio de 2025.- La Expo Educativa organizada por la Secretar\u00eda de Finanzas y Planeaci\u00f3n (Sefiplan), en coordinaci\u00f3n con la Secretar\u00eda de Educaci\u00f3n de Veracruz (SEV), concluye este viernes tras&#8230;<\/p>\n","protected":false},"author":2,"featured_media":6608,"comment_status":"closed","ping_status":"closed","sticky":false,"template":"","format":"standard","meta":{"_jetpack_memberships_contains_paid_content":false,"footnotes":"","jetpack_publicize_message":"","jetpack_publicize_feature_enabled":true,"jetpack_social_post_already_shared":true,"jetpack_social_options":{"image_generator_settings":{"template":"highway","default_image_id":0,"font":"","enabled":false},"version":2}},"categories":[2],"tags":[],"class_list":["post-6607","post","type-post","status-publish","format-standard","has-post-thumbnail","hentry","category-gobiernoestatal"],"jetpack_publicize_connections":[],"jetpack_featured_media_url":"https:\/\/veracruzanosexcepcionahles.com\/wp-content\/uploads\/2025\/07\/WhatsApp-Image-2025-07-11-at-8.18.00-PM-scaled.jpeg","jetpack_sharing_enabled":true,"jetpack_likes_enabled":true,"jetpack_shortlink":"https:\/\/wp.me\/pe8dhK-1Iz","_links":{"self":[{"href":"https:\/\/veracruzanosexcepcionahles.com\/index.php\/wp-json\/wp\/v2\/posts\/6607","targetHints":{"allow":["GET"]}}],"collection":[{"href":"https:\/\/veracruzanosexcepcionahles.com\/index.php\/wp-json\/wp\/v2\/posts"}],"about":[{"href":"https:\/\/veracruzanosexcepcionahles.com\/index.php\/wp-json\/wp\/v2\/types\/post"}],"author":[{"embeddable":true,"href":"https:\/\/veracruzanosexcepcionahles.com\/index.php\/wp-json\/wp\/v2\/users\/2"}],"replies":[{"embeddable":true,"href":"https:\/\/veracruzanosexcepcionahles.com\/index.php\/wp-json\/wp\/v2\/comments?post=6607"}],"version-history":[{"count":1,"href":"https:\/\/veracruzanosexcepcionahles.com\/index.php\/wp-json\/wp\/v2\/posts\/6607\/revisions"}],"predecessor-version":[{"id":6609,"href":"https:\/\/veracruzanosexcepcionahles.com\/index.php\/wp-json\/wp\/v2\/posts\/6607\/revisions\/6609"}],"wp:featuredmedia":[{"embeddable":true,"href":"https:\/\/veracruzanosexcepcionahles.com\/index.php\/wp-json\/wp\/v2\/media\/6608"}],"wp:attachment":[{"href":"https:\/\/veracruzanosexcepcionahles.com\/index.php\/wp-json\/wp\/v2\/media?parent=6607"}],"wp:term":[{"taxonomy":"category","embeddable":true,"href":"https:\/\/veracruzanosexcepcionahles.com\/index.php\/wp-json\/wp\/v2\/categories?post=6607"},{"taxonomy":"post_tag","embeddable":true,"href":"https:\/\/veracruzanosexcepcionahles.com\/index.php\/wp-json\/wp\/v2\/tags?post=6607"}],"curies":[{"name":"wp","href":"https:\/\/api.w.org\/{rel}","templated":true}]}}