{"id":6546,"date":"2025-07-09T22:14:29","date_gmt":"2025-07-10T04:14:29","guid":{"rendered":"https:\/\/veracruzanosexcepcionahles.com\/?p=6546"},"modified":"2025-07-09T22:14:39","modified_gmt":"2025-07-10T04:14:39","slug":"en-veracruz-el-bolero-brillara-y-sonara-en-todo-su-esplendor","status":"publish","type":"post","link":"https:\/\/veracruzanosexcepcionahles.com\/index.php\/2025\/07\/09\/en-veracruz-el-bolero-brillara-y-sonara-en-todo-su-esplendor\/","title":{"rendered":"En Veracruz, el bolero brillar\u00e1 y sonar\u00e1 en todo su esplendor"},"content":{"rendered":"\n<p>*El Puerto y la Ciudad Patrimonio de la Humanidad, tierra de grandes voces, historia y romanticismo.<\/p>\n\n\n\n<figure class=\"wp-block-image size-large\"><img loading=\"lazy\" decoding=\"async\" width=\"819\" height=\"1024\" src=\"https:\/\/veracruzanosexcepcionahles.com\/wp-content\/uploads\/2025\/07\/WhatsApp-Image-2025-07-09-at-9.48.46-PM-819x1024.jpeg\" alt=\"\" class=\"wp-image-6548\" srcset=\"https:\/\/veracruzanosexcepcionahles.com\/wp-content\/uploads\/2025\/07\/WhatsApp-Image-2025-07-09-at-9.48.46-PM-819x1024.jpeg 819w, https:\/\/veracruzanosexcepcionahles.com\/wp-content\/uploads\/2025\/07\/WhatsApp-Image-2025-07-09-at-9.48.46-PM-240x300.jpeg 240w, https:\/\/veracruzanosexcepcionahles.com\/wp-content\/uploads\/2025\/07\/WhatsApp-Image-2025-07-09-at-9.48.46-PM-768x961.jpeg 768w, https:\/\/veracruzanosexcepcionahles.com\/wp-content\/uploads\/2025\/07\/WhatsApp-Image-2025-07-09-at-9.48.46-PM-1228x1536.jpeg 1228w, https:\/\/veracruzanosexcepcionahles.com\/wp-content\/uploads\/2025\/07\/WhatsApp-Image-2025-07-09-at-9.48.46-PM.jpeg 1279w\" sizes=\"auto, (max-width: 819px) 100vw, 819px\" \/><\/figure>\n\n\n\n<p><strong>Xalapa, Ver., mi\u00e9rcoles 09 de julio de 2025<\/strong>.- El Gobierno de Veracruz tiene todo listo para que este jueves inicie el primer Festival Internacional del Bolero con el objetivo de preservar y rendir homenaje a este g\u00e9nero musical que forma parte del patrimonio cultural de M\u00e9xico.<\/p>\n\n\n\n<p>A partir de las 18:00 horas, el Teatro de la Reforma ser\u00e1 sede del Primer Concurso J\u00f3venes por el Bolero, cuyo prop\u00f3sito es impulsar nuevos talentos y fortalecer el tejido social y la identidad cultural.<\/p>\n\n\n\n<p>El jurado est\u00e1 conformado por destacados artistas, compositores y cr\u00edticos musicales: Rodrigo de la Cadena, Mar\u00eda Katzarava, Humberto Cravioto, Gustavo Alvite, Jes\u00fas Mon\u00e1rrez, Marco Antonio Lugo, Jos\u00e9 Galv\u00e1n, Ren\u00e9 Franco y el maestro Mart\u00edn Urieta. La conducci\u00f3n estar\u00e1 a cargo de Raquel Bigorra.<\/p>\n\n\n\n<p>La persona que resulte ganadora recibir\u00e1 un trofeo, un est\u00edmulo econ\u00f3mico y el acompa\u00f1amiento de la Secretar\u00eda de Cultura de Veracruz para presentarse en el X Festival Mundial del Bolero, en el Teatro de la Ciudad Esperanza Iris, de la Ciudad de M\u00e9xico.<\/p>\n\n\n\n<p>Simult\u00e1neamente, en el Teatro Netzahualc\u00f3yotl de Tlacotalpan, tendr\u00e1 lugar el emotivo homenaje al maestro Armando Manzanero y al Bolero de Yucat\u00e1n, contando con la participaci\u00f3n especial de la Orquesta T\u00edpica Yukalpet\u00e9n.<\/p>\n\n\n\n<p>Reconocido como uno de los m\u00e1s grandes exponentes de la m\u00fasica en M\u00e9xico y Latinoam\u00e9rica, Manzanero dej\u00f3 un legado que sigue vigente en la m\u00fasica rom\u00e1ntica contempor\u00e1nea. En su obra integr\u00f3 influencias de la trova y la jarana tradicional de su tierra, g\u00e9neros que marcaron su estilo y sensibilidad art\u00edstica.<\/p>\n\n\n\n<p>En este tributo, y con la variante que representa el bolero yucateco, la Orquesta T\u00edpica Yukalpet\u00e9n interpretar\u00e1 las canciones m\u00e1s emblem\u00e1ticas del cantautor, entre estas, Somos Novios, Esta tarde vi llover, Contigo Aprend\u00ed y Adoro.<\/p>\n\n\n\n<p>El Gobierno del Estado reitera al p\u00fablico la invitaci\u00f3n a disfrutar de las actividades del Festival, con sedes en Veracruz y Tlacotalpan, hasta el domingo, bajo la direcci\u00f3n art\u00edstica del int\u00e9rprete y promotor del bolero Rodrigo de la Cadena. La entrada es gratuita.<\/p>\n","protected":false},"excerpt":{"rendered":"<p>*El Puerto y la Ciudad Patrimonio de la Humanidad, tierra de grandes voces, historia y romanticismo. Xalapa, Ver., mi\u00e9rcoles 09 de julio de 2025.- El Gobierno de Veracruz tiene todo listo para que este jueves inicie el primer Festival Internacional del Bolero con el objetivo de preservar y rendir homenaje a este g\u00e9nero musical que&#8230;<\/p>\n","protected":false},"author":2,"featured_media":6547,"comment_status":"closed","ping_status":"closed","sticky":false,"template":"","format":"standard","meta":{"_jetpack_memberships_contains_paid_content":false,"footnotes":"","jetpack_publicize_message":"","jetpack_publicize_feature_enabled":true,"jetpack_social_post_already_shared":true,"jetpack_social_options":{"image_generator_settings":{"template":"highway","default_image_id":0,"font":"","enabled":false},"version":2}},"categories":[2],"tags":[],"class_list":["post-6546","post","type-post","status-publish","format-standard","has-post-thumbnail","hentry","category-gobiernoestatal"],"jetpack_publicize_connections":[],"jetpack_featured_media_url":"https:\/\/veracruzanosexcepcionahles.com\/wp-content\/uploads\/2025\/07\/WhatsApp-Image-2025-07-09-at-9.48.46-PM.jpg","jetpack_sharing_enabled":true,"jetpack_likes_enabled":true,"jetpack_shortlink":"https:\/\/wp.me\/pe8dhK-1HA","_links":{"self":[{"href":"https:\/\/veracruzanosexcepcionahles.com\/index.php\/wp-json\/wp\/v2\/posts\/6546","targetHints":{"allow":["GET"]}}],"collection":[{"href":"https:\/\/veracruzanosexcepcionahles.com\/index.php\/wp-json\/wp\/v2\/posts"}],"about":[{"href":"https:\/\/veracruzanosexcepcionahles.com\/index.php\/wp-json\/wp\/v2\/types\/post"}],"author":[{"embeddable":true,"href":"https:\/\/veracruzanosexcepcionahles.com\/index.php\/wp-json\/wp\/v2\/users\/2"}],"replies":[{"embeddable":true,"href":"https:\/\/veracruzanosexcepcionahles.com\/index.php\/wp-json\/wp\/v2\/comments?post=6546"}],"version-history":[{"count":1,"href":"https:\/\/veracruzanosexcepcionahles.com\/index.php\/wp-json\/wp\/v2\/posts\/6546\/revisions"}],"predecessor-version":[{"id":6549,"href":"https:\/\/veracruzanosexcepcionahles.com\/index.php\/wp-json\/wp\/v2\/posts\/6546\/revisions\/6549"}],"wp:featuredmedia":[{"embeddable":true,"href":"https:\/\/veracruzanosexcepcionahles.com\/index.php\/wp-json\/wp\/v2\/media\/6547"}],"wp:attachment":[{"href":"https:\/\/veracruzanosexcepcionahles.com\/index.php\/wp-json\/wp\/v2\/media?parent=6546"}],"wp:term":[{"taxonomy":"category","embeddable":true,"href":"https:\/\/veracruzanosexcepcionahles.com\/index.php\/wp-json\/wp\/v2\/categories?post=6546"},{"taxonomy":"post_tag","embeddable":true,"href":"https:\/\/veracruzanosexcepcionahles.com\/index.php\/wp-json\/wp\/v2\/tags?post=6546"}],"curies":[{"name":"wp","href":"https:\/\/api.w.org\/{rel}","templated":true}]}}