{"id":6543,"date":"2025-07-08T23:40:30","date_gmt":"2025-07-09T05:40:30","guid":{"rendered":"https:\/\/veracruzanosexcepcionahles.com\/?p=6543"},"modified":"2025-07-08T23:40:31","modified_gmt":"2025-07-09T05:40:31","slug":"sev-y-usicamm-garantizan-legalidad-y-transparencia-en-cambios-de-adscripcion","status":"publish","type":"post","link":"https:\/\/veracruzanosexcepcionahles.com\/index.php\/2025\/07\/08\/sev-y-usicamm-garantizan-legalidad-y-transparencia-en-cambios-de-adscripcion\/","title":{"rendered":"SEV y USICAMM garantizan legalidad y transparencia en cambios de adscripci\u00f3n"},"content":{"rendered":"\n<p><strong>Xalapa, Ver., martes 08 de julio de 2025.- <\/strong>La Secretar\u00eda de Educaci\u00f3n de Veracruz (SEV) inform\u00f3 que el proceso de cambios de centro de trabajo para el ciclo escolar 2025-2026 se realiza bajo los principios de legalidad, transparencia y equidad.<\/p>\n\n\n\n<p>Lo anterior, en cumplimiento al Decreto por el que se instruye a la Secretar\u00eda de Educaci\u00f3n P\u00fablica, en materia de movilidad del magisterio en la Unidad del Sistema para la Carrera de las Maestras y los Maestros (USICAMM) publicado oficialmente el 24 de junio de 2025, y a los Criterios de Observancia General para las Asignaciones de los Cambios de Centro de Trabajo emitidos por dicha unidad.<\/p>\n\n\n\n<p>De esa manera, conforme al Art\u00edculo Primero del Decreto, los cambios deben realizarse en eventos p\u00fablicos, presenciales y organizados por nivel educativo y con el \u00fanico criterio v\u00e1lido para el ordenamiento que es la antig\u00fcedad docente.<\/p>\n\n\n\n<p>Cualquier movimiento fuera de este marco carece de validez jur\u00eddica (Criterio Segundo, fracci\u00f3n VI) y la participaci\u00f3n sindical es de acompa\u00f1amiento antes, durante y despu\u00e9s del proceso (Criterio D\u00e9cimo).<\/p>\n\n\n\n<p>Cabe mencionar que aunque el Ad\u00e9ndum a la convocatoria estatal publicado el 21 de mayo de 2025 preve\u00eda que el proceso comenzara con los cambios de entidad federativa y posteriormente al interior de zona, este orden fue ajustado para alinearse al nuevo marco normativo.<\/p>\n\n\n\n<p>El marco actualizado establece con claridad que los espacios disponibles para las asignaciones deben generarse una vez concluidos los cambios dentro de la zona escolar.<\/p>\n\n\n\n<p>Por ello, s\u00ed se consideran v\u00e1lidos los cambios intrazonas, conforme al Art\u00edculo 24 del Acuerdo, que contiene las disposiciones generales que establecen las reglas de los procesos para la autorizaci\u00f3n de cambio de centro de trabajo en educaci\u00f3n b\u00e1sica y media superior, ciclo escolar 2025\u20132026.<\/p>\n\n\n\n<p>La SEV respeta plenamente el Decreto, garantizando la legalidad de los movimientos intrazonas y refrendando su compromiso institucional con procesos normativos y transparentes.<\/p>\n\n\n\n<p>Asimismo, refrend\u00f3 su compromiso con el magisterio, a trav\u00e9s de un proceso legal, transparente y justo, que respeta plenamente sus derechos y honra su vocaci\u00f3n al servicio de las ni\u00f1as, ni\u00f1os, adolescentes y j\u00f3venes de Veracruz.<\/p>\n","protected":false},"excerpt":{"rendered":"<p>Xalapa, Ver., martes 08 de julio de 2025.- La Secretar\u00eda de Educaci\u00f3n de Veracruz (SEV) inform\u00f3 que el proceso de cambios de centro de trabajo para el ciclo escolar 2025-2026 se realiza bajo los principios de legalidad, transparencia y equidad. Lo anterior, en cumplimiento al Decreto por el que se instruye a la Secretar\u00eda de&#8230;<\/p>\n","protected":false},"author":2,"featured_media":6544,"comment_status":"closed","ping_status":"closed","sticky":false,"template":"","format":"standard","meta":{"_jetpack_memberships_contains_paid_content":false,"footnotes":"","jetpack_publicize_message":"","jetpack_publicize_feature_enabled":true,"jetpack_social_post_already_shared":true,"jetpack_social_options":{"image_generator_settings":{"template":"highway","default_image_id":0,"font":"","enabled":false},"version":2}},"categories":[2],"tags":[],"class_list":["post-6543","post","type-post","status-publish","format-standard","has-post-thumbnail","hentry","category-gobiernoestatal"],"jetpack_publicize_connections":[],"jetpack_featured_media_url":"https:\/\/veracruzanosexcepcionahles.com\/wp-content\/uploads\/2025\/07\/WhatsApp-Image-2025-07-08-at-6.42.00-PM.jpeg","jetpack_sharing_enabled":true,"jetpack_likes_enabled":true,"jetpack_shortlink":"https:\/\/wp.me\/pe8dhK-1Hx","_links":{"self":[{"href":"https:\/\/veracruzanosexcepcionahles.com\/index.php\/wp-json\/wp\/v2\/posts\/6543","targetHints":{"allow":["GET"]}}],"collection":[{"href":"https:\/\/veracruzanosexcepcionahles.com\/index.php\/wp-json\/wp\/v2\/posts"}],"about":[{"href":"https:\/\/veracruzanosexcepcionahles.com\/index.php\/wp-json\/wp\/v2\/types\/post"}],"author":[{"embeddable":true,"href":"https:\/\/veracruzanosexcepcionahles.com\/index.php\/wp-json\/wp\/v2\/users\/2"}],"replies":[{"embeddable":true,"href":"https:\/\/veracruzanosexcepcionahles.com\/index.php\/wp-json\/wp\/v2\/comments?post=6543"}],"version-history":[{"count":1,"href":"https:\/\/veracruzanosexcepcionahles.com\/index.php\/wp-json\/wp\/v2\/posts\/6543\/revisions"}],"predecessor-version":[{"id":6545,"href":"https:\/\/veracruzanosexcepcionahles.com\/index.php\/wp-json\/wp\/v2\/posts\/6543\/revisions\/6545"}],"wp:featuredmedia":[{"embeddable":true,"href":"https:\/\/veracruzanosexcepcionahles.com\/index.php\/wp-json\/wp\/v2\/media\/6544"}],"wp:attachment":[{"href":"https:\/\/veracruzanosexcepcionahles.com\/index.php\/wp-json\/wp\/v2\/media?parent=6543"}],"wp:term":[{"taxonomy":"category","embeddable":true,"href":"https:\/\/veracruzanosexcepcionahles.com\/index.php\/wp-json\/wp\/v2\/categories?post=6543"},{"taxonomy":"post_tag","embeddable":true,"href":"https:\/\/veracruzanosexcepcionahles.com\/index.php\/wp-json\/wp\/v2\/tags?post=6543"}],"curies":[{"name":"wp","href":"https:\/\/api.w.org\/{rel}","templated":true}]}}