{"id":6540,"date":"2025-07-08T23:36:50","date_gmt":"2025-07-09T05:36:50","guid":{"rendered":"https:\/\/veracruzanosexcepcionahles.com\/?p=6540"},"modified":"2025-07-08T23:36:51","modified_gmt":"2025-07-09T05:36:51","slug":"inicia-sev-proceso-de-cambios-de-adscripcion-sin-influyentismo-ni-favoritismos","status":"publish","type":"post","link":"https:\/\/veracruzanosexcepcionahles.com\/index.php\/2025\/07\/08\/inicia-sev-proceso-de-cambios-de-adscripcion-sin-influyentismo-ni-favoritismos\/","title":{"rendered":"Inicia SEV proceso de cambios de adscripci\u00f3n sin influyentismo ni favoritismos"},"content":{"rendered":"\n<p>&gt;M\u00e1s de mil 600 docentes al d\u00eda participan en proceso de movilidad<\/p>\n\n\n\n<p><strong>Xalapa, Ver., martes 08 de julio de 2025.- <\/strong>La Secretar\u00eda de Educaci\u00f3n de Veracruz (SEV) y la Unidad del Sistema para la Carrera de las Maestras y los Maestros (USICAMM) iniciaron las asignaciones presenciales de cambios de centro de trabajo.<strong><\/strong><\/p>\n\n\n\n<p>Este proceso garantiza el derecho a la movilidad del personal docente bajo criterios de legalidad, equidad y antig\u00fcedad, dejando atr\u00e1s pr\u00e1cticas como el influyentismo y nepotismo.<\/p>\n\n\n\n<p>De manera transparente y ordenada, el procedimiento contempla cambios intrazona, interzona, movilidad para docentes con menos de dos a\u00f1os de servicio y preasignaciones para nuevo ingreso; se realizan por turnos, respetando el orden de prelaci\u00f3n establecido por la plataforma nacional.<\/p>\n\n\n\n<p>Para su ejecuci\u00f3n operan ocho mesas t\u00e9cnicas simult\u00e1neas, con capacidad para atender a m\u00e1s de mil 600 docentes por d\u00eda.<\/p>\n\n\n\n<p>La secretaria de Educaci\u00f3n, Claudia Tello Espinosa, encabez\u00f3 el acto protocolario e hizo un llamado a mantener procesos justos, abiertos y sostenidos en el di\u00e1logo con el magisterio y destac\u00f3 la prioridad por dignificar la carrera docente mediante la legalidad y la transparencia en cada etapa de su trayectoria profesional.<\/p>\n\n\n\n<p>Entre las autoridades educativas presentes destacaron Neyra Arleth Bautista Mayorga, titular de la UPECE; el subsecretario de Educaci\u00f3n Media Superior y Superior, David Agust\u00edn Jim\u00e9nez Rojas; el Oficial Mayor Jos\u00e9 Ram\u00f3n Cardona Mendoza; del \u00d3rgano Interno de Control, Roque Herlindo Borrego V\u00e1zquez; y el coordinador de delegaciones regionales, Heber Fern\u00e1ndez Lara.<\/p>\n\n\n\n<p>Tambi\u00e9n el diputado local Jos\u00e9 Reveriano Mar\u00edn Hern\u00e1ndez, presidente de la Comisi\u00f3n de Educaci\u00f3n y Cultura del Congreso del Estado, as\u00ed como representantes sindicales.<\/p>\n","protected":false},"excerpt":{"rendered":"<p>&gt;M\u00e1s de mil 600 docentes al d\u00eda participan en proceso de movilidad Xalapa, Ver., martes 08 de julio de 2025.- La Secretar\u00eda de Educaci\u00f3n de Veracruz (SEV) y la Unidad del Sistema para la Carrera de las Maestras y los Maestros (USICAMM) iniciaron las asignaciones presenciales de cambios de centro de trabajo. Este proceso garantiza&#8230;<\/p>\n","protected":false},"author":2,"featured_media":6541,"comment_status":"closed","ping_status":"closed","sticky":false,"template":"","format":"standard","meta":{"_jetpack_memberships_contains_paid_content":false,"footnotes":"","jetpack_publicize_message":"","jetpack_publicize_feature_enabled":true,"jetpack_social_post_already_shared":true,"jetpack_social_options":{"image_generator_settings":{"template":"highway","default_image_id":0,"font":"","enabled":false},"version":2}},"categories":[2],"tags":[],"class_list":["post-6540","post","type-post","status-publish","format-standard","has-post-thumbnail","hentry","category-gobiernoestatal"],"jetpack_publicize_connections":[],"jetpack_featured_media_url":"https:\/\/veracruzanosexcepcionahles.com\/wp-content\/uploads\/2025\/07\/WhatsApp-Image-2025-07-08-at-6.49.54-PM-1.jpeg","jetpack_sharing_enabled":true,"jetpack_likes_enabled":true,"jetpack_shortlink":"https:\/\/wp.me\/pe8dhK-1Hu","_links":{"self":[{"href":"https:\/\/veracruzanosexcepcionahles.com\/index.php\/wp-json\/wp\/v2\/posts\/6540","targetHints":{"allow":["GET"]}}],"collection":[{"href":"https:\/\/veracruzanosexcepcionahles.com\/index.php\/wp-json\/wp\/v2\/posts"}],"about":[{"href":"https:\/\/veracruzanosexcepcionahles.com\/index.php\/wp-json\/wp\/v2\/types\/post"}],"author":[{"embeddable":true,"href":"https:\/\/veracruzanosexcepcionahles.com\/index.php\/wp-json\/wp\/v2\/users\/2"}],"replies":[{"embeddable":true,"href":"https:\/\/veracruzanosexcepcionahles.com\/index.php\/wp-json\/wp\/v2\/comments?post=6540"}],"version-history":[{"count":1,"href":"https:\/\/veracruzanosexcepcionahles.com\/index.php\/wp-json\/wp\/v2\/posts\/6540\/revisions"}],"predecessor-version":[{"id":6542,"href":"https:\/\/veracruzanosexcepcionahles.com\/index.php\/wp-json\/wp\/v2\/posts\/6540\/revisions\/6542"}],"wp:featuredmedia":[{"embeddable":true,"href":"https:\/\/veracruzanosexcepcionahles.com\/index.php\/wp-json\/wp\/v2\/media\/6541"}],"wp:attachment":[{"href":"https:\/\/veracruzanosexcepcionahles.com\/index.php\/wp-json\/wp\/v2\/media?parent=6540"}],"wp:term":[{"taxonomy":"category","embeddable":true,"href":"https:\/\/veracruzanosexcepcionahles.com\/index.php\/wp-json\/wp\/v2\/categories?post=6540"},{"taxonomy":"post_tag","embeddable":true,"href":"https:\/\/veracruzanosexcepcionahles.com\/index.php\/wp-json\/wp\/v2\/tags?post=6540"}],"curies":[{"name":"wp","href":"https:\/\/api.w.org\/{rel}","templated":true}]}}