{"id":6526,"date":"2025-07-07T23:08:11","date_gmt":"2025-07-08T05:08:11","guid":{"rendered":"https:\/\/veracruzanosexcepcionahles.com\/?p=6526"},"modified":"2025-07-07T23:08:13","modified_gmt":"2025-07-08T05:08:13","slug":"invita-gobernadora-al-festival-internacional-del-bolero-en-veracruz-y-tlacotalpan","status":"publish","type":"post","link":"https:\/\/veracruzanosexcepcionahles.com\/index.php\/2025\/07\/07\/invita-gobernadora-al-festival-internacional-del-bolero-en-veracruz-y-tlacotalpan\/","title":{"rendered":"Invita Gobernadora al Festival Internacional del Bolero en Veracruz y Tlacotalpan"},"content":{"rendered":"\n<p>&gt;Entre las actividades destacan el Concurso J\u00f3venes por el Bolero y un homenaje a Armando Manzanero.<\/p>\n\n\n\n<p><strong>Xalapa, Ver., lunes 07 de julio de 2025.-<\/strong> La gobernadora Roc\u00edo Nahle Garc\u00eda hizo una cordial invitaci\u00f3n a disfrutar del Festival Internacional del Bolero, que se llevar\u00e1 a cabo del 10 al 13 de julio en el puerto de Veracruz y en Tlacotalpan para celebrar la esencia de la m\u00fasica rom\u00e1ntica y reunir\u00e1 a destacados artistas locales, nacionales e internacionales.<\/p>\n\n\n\n<p>Subray\u00f3 tres ejes fundamentales del Festival: reconocer la riqueza cultural de Veracruz, ofrecer propuestas musicales que promuevan la armon\u00eda frente a los contenidos que incitan a la violencia, y consolidar la cultura como un pilar del turismo y el desarrollo econ\u00f3mico en la entidad.<\/p>\n\n\n\n<p>Asimismo, anunci\u00f3 que todos los eventos ser\u00e1n completamente gratuitos y de acceso libre, sin requerir boletos, con el objetivo de garantizar la inclusi\u00f3n y la participaci\u00f3n de toda la poblaci\u00f3n.<\/p>\n\n\n\n<p>La jornada inaugural ser\u00e1 el jueves 10 a las 18:00 horas en el Teatro de la Reforma de Veracruz donde tendr\u00e1 lugara el Concurso J\u00f3venes por el Bolero. Simult\u00e1neamente, en el Teatro Netzahualc\u00f3yotl de Tlacotalpan, se rendir\u00e1 un homenaje a Armando Manzanero y al Bolero de Yucat\u00e1n.<\/p>\n\n\n\n<p>El viernes 11, se repetir\u00e1 a las 18:00 h en Veracruz, seguido por la Gala Internacional del Bolero.&nbsp; Tambi\u00e9n se presentar\u00e1n los ensambles Coral Sotavento y Voces del Mar,<\/p>\n\n\n\n<p>En paralelo, el Teatro Netzahualc\u00f3yotl ofrecer\u00e1 una Noche de Tr\u00edos con Los Dandy\u2019s, Los Tecolines, Los Semejantes y la participaci\u00f3n especial de Doris.<\/p>\n\n\n\n<p>El s\u00e1bado 12, la Noche de Tr\u00edos se presentar\u00e1 en Veracruz a las 19:00 h, y la Gala Internacional llegar\u00e1 a Tlacotalpan a las 20:00 h, repitiendo su elenco estelar.<\/p>\n\n\n\n<p>El Festival concluir\u00e1 el domingo 13 con el Bolero Sinf\u00f3nico, a las 18:00 h en el Teatro de la Reforma.<\/p>\n","protected":false},"excerpt":{"rendered":"<p>&gt;Entre las actividades destacan el Concurso J\u00f3venes por el Bolero y un homenaje a Armando Manzanero. Xalapa, Ver., lunes 07 de julio de 2025.- La gobernadora Roc\u00edo Nahle Garc\u00eda hizo una cordial invitaci\u00f3n a disfrutar del Festival Internacional del Bolero, que se llevar\u00e1 a cabo del 10 al 13 de julio en el puerto de&#8230;<\/p>\n","protected":false},"author":2,"featured_media":6527,"comment_status":"closed","ping_status":"closed","sticky":false,"template":"","format":"standard","meta":{"_jetpack_memberships_contains_paid_content":false,"footnotes":"","jetpack_publicize_message":"","jetpack_publicize_feature_enabled":true,"jetpack_social_post_already_shared":true,"jetpack_social_options":{"image_generator_settings":{"template":"highway","default_image_id":0,"font":"","enabled":false},"version":2}},"categories":[23],"tags":[],"class_list":["post-6526","post","type-post","status-publish","format-standard","has-post-thumbnail","hentry","category-actividadesnahle"],"jetpack_publicize_connections":[],"jetpack_featured_media_url":"https:\/\/veracruzanosexcepcionahles.com\/wp-content\/uploads\/2025\/07\/WhatsApp-Image-2025-07-07-at-4.14.32-PM.jpeg","jetpack_sharing_enabled":true,"jetpack_likes_enabled":true,"jetpack_shortlink":"https:\/\/wp.me\/pe8dhK-1Hg","_links":{"self":[{"href":"https:\/\/veracruzanosexcepcionahles.com\/index.php\/wp-json\/wp\/v2\/posts\/6526","targetHints":{"allow":["GET"]}}],"collection":[{"href":"https:\/\/veracruzanosexcepcionahles.com\/index.php\/wp-json\/wp\/v2\/posts"}],"about":[{"href":"https:\/\/veracruzanosexcepcionahles.com\/index.php\/wp-json\/wp\/v2\/types\/post"}],"author":[{"embeddable":true,"href":"https:\/\/veracruzanosexcepcionahles.com\/index.php\/wp-json\/wp\/v2\/users\/2"}],"replies":[{"embeddable":true,"href":"https:\/\/veracruzanosexcepcionahles.com\/index.php\/wp-json\/wp\/v2\/comments?post=6526"}],"version-history":[{"count":1,"href":"https:\/\/veracruzanosexcepcionahles.com\/index.php\/wp-json\/wp\/v2\/posts\/6526\/revisions"}],"predecessor-version":[{"id":6528,"href":"https:\/\/veracruzanosexcepcionahles.com\/index.php\/wp-json\/wp\/v2\/posts\/6526\/revisions\/6528"}],"wp:featuredmedia":[{"embeddable":true,"href":"https:\/\/veracruzanosexcepcionahles.com\/index.php\/wp-json\/wp\/v2\/media\/6527"}],"wp:attachment":[{"href":"https:\/\/veracruzanosexcepcionahles.com\/index.php\/wp-json\/wp\/v2\/media?parent=6526"}],"wp:term":[{"taxonomy":"category","embeddable":true,"href":"https:\/\/veracruzanosexcepcionahles.com\/index.php\/wp-json\/wp\/v2\/categories?post=6526"},{"taxonomy":"post_tag","embeddable":true,"href":"https:\/\/veracruzanosexcepcionahles.com\/index.php\/wp-json\/wp\/v2\/tags?post=6526"}],"curies":[{"name":"wp","href":"https:\/\/api.w.org\/{rel}","templated":true}]}}