{"id":6509,"date":"2025-07-06T22:46:32","date_gmt":"2025-07-07T04:46:32","guid":{"rendered":"https:\/\/veracruzanosexcepcionahles.com\/?p=6509"},"modified":"2025-07-06T22:46:34","modified_gmt":"2025-07-07T04:46:34","slug":"por-primera-vez-nuestras-comunidades-indigenas-tienen-poder-de-decision-rocio-nahle","status":"publish","type":"post","link":"https:\/\/veracruzanosexcepcionahles.com\/index.php\/2025\/07\/06\/por-primera-vez-nuestras-comunidades-indigenas-tienen-poder-de-decision-rocio-nahle\/","title":{"rendered":"Por primera vez, nuestras comunidades ind\u00edgenas tienen poder de decisi\u00f3n: Roc\u00edo Nahle"},"content":{"rendered":"\n<p>*Administrar\u00e1n recursos p\u00fablicos para obras prioritarias.<\/p>\n\n\n\n<p>*Mil 418 millones de pesos se distribuir\u00e1n entre 2 mil 500 comunidades.<\/p>\n\n\n\n<figure class=\"wp-block-gallery has-nested-images columns-default is-cropped wp-block-gallery-1 is-layout-flex wp-block-gallery-is-layout-flex\">\n<figure class=\"wp-block-image size-large\"><img loading=\"lazy\" decoding=\"async\" width=\"1024\" height=\"683\" data-id=\"6510\" src=\"https:\/\/veracruzanosexcepcionahles.com\/wp-content\/uploads\/2025\/07\/WhatsApp-Image-2025-07-06-at-5.07.48-PM-1024x683.jpeg\" alt=\"\" class=\"wp-image-6510\" srcset=\"https:\/\/veracruzanosexcepcionahles.com\/wp-content\/uploads\/2025\/07\/WhatsApp-Image-2025-07-06-at-5.07.48-PM-1024x683.jpeg 1024w, https:\/\/veracruzanosexcepcionahles.com\/wp-content\/uploads\/2025\/07\/WhatsApp-Image-2025-07-06-at-5.07.48-PM-300x200.jpeg 300w, https:\/\/veracruzanosexcepcionahles.com\/wp-content\/uploads\/2025\/07\/WhatsApp-Image-2025-07-06-at-5.07.48-PM-768x512.jpeg 768w, https:\/\/veracruzanosexcepcionahles.com\/wp-content\/uploads\/2025\/07\/WhatsApp-Image-2025-07-06-at-5.07.48-PM-1536x1024.jpeg 1536w, https:\/\/veracruzanosexcepcionahles.com\/wp-content\/uploads\/2025\/07\/WhatsApp-Image-2025-07-06-at-5.07.48-PM-2048x1365.jpeg 2048w, https:\/\/veracruzanosexcepcionahles.com\/wp-content\/uploads\/2025\/07\/WhatsApp-Image-2025-07-06-at-5.07.48-PM-600x400.jpeg 600w\" sizes=\"auto, (max-width: 1024px) 100vw, 1024px\" \/><\/figure>\n\n\n\n<figure class=\"wp-block-image size-large\"><img loading=\"lazy\" decoding=\"async\" width=\"1024\" height=\"683\" data-id=\"6511\" src=\"https:\/\/veracruzanosexcepcionahles.com\/wp-content\/uploads\/2025\/07\/WhatsApp-Image-2025-07-06-at-5.01.42-PM-1024x683.jpeg\" alt=\"\" class=\"wp-image-6511\" srcset=\"https:\/\/veracruzanosexcepcionahles.com\/wp-content\/uploads\/2025\/07\/WhatsApp-Image-2025-07-06-at-5.01.42-PM-1024x683.jpeg 1024w, https:\/\/veracruzanosexcepcionahles.com\/wp-content\/uploads\/2025\/07\/WhatsApp-Image-2025-07-06-at-5.01.42-PM-300x200.jpeg 300w, https:\/\/veracruzanosexcepcionahles.com\/wp-content\/uploads\/2025\/07\/WhatsApp-Image-2025-07-06-at-5.01.42-PM-768x512.jpeg 768w, https:\/\/veracruzanosexcepcionahles.com\/wp-content\/uploads\/2025\/07\/WhatsApp-Image-2025-07-06-at-5.01.42-PM-1536x1024.jpeg 1536w, https:\/\/veracruzanosexcepcionahles.com\/wp-content\/uploads\/2025\/07\/WhatsApp-Image-2025-07-06-at-5.01.42-PM-2048x1365.jpeg 2048w, https:\/\/veracruzanosexcepcionahles.com\/wp-content\/uploads\/2025\/07\/WhatsApp-Image-2025-07-06-at-5.01.42-PM-600x400.jpeg 600w\" sizes=\"auto, (max-width: 1024px) 100vw, 1024px\" \/><\/figure>\n\n\n\n<figure class=\"wp-block-image size-large\"><img loading=\"lazy\" decoding=\"async\" width=\"1024\" height=\"684\" data-id=\"6512\" src=\"https:\/\/veracruzanosexcepcionahles.com\/wp-content\/uploads\/2025\/07\/WhatsApp-Image-2025-07-06-at-5.01.13-PM-1024x684.jpeg\" alt=\"\" class=\"wp-image-6512\" srcset=\"https:\/\/veracruzanosexcepcionahles.com\/wp-content\/uploads\/2025\/07\/WhatsApp-Image-2025-07-06-at-5.01.13-PM-1024x684.jpeg 1024w, https:\/\/veracruzanosexcepcionahles.com\/wp-content\/uploads\/2025\/07\/WhatsApp-Image-2025-07-06-at-5.01.13-PM-300x200.jpeg 300w, https:\/\/veracruzanosexcepcionahles.com\/wp-content\/uploads\/2025\/07\/WhatsApp-Image-2025-07-06-at-5.01.13-PM-768x513.jpeg 768w, https:\/\/veracruzanosexcepcionahles.com\/wp-content\/uploads\/2025\/07\/WhatsApp-Image-2025-07-06-at-5.01.13-PM-1536x1025.jpeg 1536w, https:\/\/veracruzanosexcepcionahles.com\/wp-content\/uploads\/2025\/07\/WhatsApp-Image-2025-07-06-at-5.01.13-PM-2048x1367.jpeg 2048w, https:\/\/veracruzanosexcepcionahles.com\/wp-content\/uploads\/2025\/07\/WhatsApp-Image-2025-07-06-at-5.01.13-PM-600x400.jpeg 600w\" sizes=\"auto, (max-width: 1024px) 100vw, 1024px\" \/><\/figure>\n\n\n\n<figure class=\"wp-block-image size-large\"><img loading=\"lazy\" decoding=\"async\" width=\"1024\" height=\"683\" data-id=\"6513\" src=\"https:\/\/veracruzanosexcepcionahles.com\/wp-content\/uploads\/2025\/07\/WhatsApp-Image-2025-07-06-at-4.57.23-PM-1024x683.jpeg\" alt=\"\" class=\"wp-image-6513\" srcset=\"https:\/\/veracruzanosexcepcionahles.com\/wp-content\/uploads\/2025\/07\/WhatsApp-Image-2025-07-06-at-4.57.23-PM-1024x683.jpeg 1024w, https:\/\/veracruzanosexcepcionahles.com\/wp-content\/uploads\/2025\/07\/WhatsApp-Image-2025-07-06-at-4.57.23-PM-300x200.jpeg 300w, https:\/\/veracruzanosexcepcionahles.com\/wp-content\/uploads\/2025\/07\/WhatsApp-Image-2025-07-06-at-4.57.23-PM-768x512.jpeg 768w, https:\/\/veracruzanosexcepcionahles.com\/wp-content\/uploads\/2025\/07\/WhatsApp-Image-2025-07-06-at-4.57.23-PM-1536x1024.jpeg 1536w, https:\/\/veracruzanosexcepcionahles.com\/wp-content\/uploads\/2025\/07\/WhatsApp-Image-2025-07-06-at-4.57.23-PM-2048x1365.jpeg 2048w, https:\/\/veracruzanosexcepcionahles.com\/wp-content\/uploads\/2025\/07\/WhatsApp-Image-2025-07-06-at-4.57.23-PM-600x400.jpeg 600w\" sizes=\"auto, (max-width: 1024px) 100vw, 1024px\" \/><\/figure>\n\n\n\n<figure class=\"wp-block-image size-large\"><img loading=\"lazy\" decoding=\"async\" width=\"1024\" height=\"684\" data-id=\"6514\" src=\"https:\/\/veracruzanosexcepcionahles.com\/wp-content\/uploads\/2025\/07\/WhatsApp-Image-2025-07-06-at-4.56.39-PM-1024x684.jpeg\" alt=\"\" class=\"wp-image-6514\" srcset=\"https:\/\/veracruzanosexcepcionahles.com\/wp-content\/uploads\/2025\/07\/WhatsApp-Image-2025-07-06-at-4.56.39-PM-1024x684.jpeg 1024w, https:\/\/veracruzanosexcepcionahles.com\/wp-content\/uploads\/2025\/07\/WhatsApp-Image-2025-07-06-at-4.56.39-PM-300x200.jpeg 300w, https:\/\/veracruzanosexcepcionahles.com\/wp-content\/uploads\/2025\/07\/WhatsApp-Image-2025-07-06-at-4.56.39-PM-768x513.jpeg 768w, https:\/\/veracruzanosexcepcionahles.com\/wp-content\/uploads\/2025\/07\/WhatsApp-Image-2025-07-06-at-4.56.39-PM-1536x1025.jpeg 1536w, https:\/\/veracruzanosexcepcionahles.com\/wp-content\/uploads\/2025\/07\/WhatsApp-Image-2025-07-06-at-4.56.39-PM-2048x1367.jpeg 2048w, https:\/\/veracruzanosexcepcionahles.com\/wp-content\/uploads\/2025\/07\/WhatsApp-Image-2025-07-06-at-4.56.39-PM-600x400.jpeg 600w\" sizes=\"auto, (max-width: 1024px) 100vw, 1024px\" \/><\/figure>\n\n\n\n<figure class=\"wp-block-image size-large\"><img loading=\"lazy\" decoding=\"async\" width=\"1024\" height=\"683\" data-id=\"6515\" src=\"https:\/\/veracruzanosexcepcionahles.com\/wp-content\/uploads\/2025\/07\/WhatsApp-Image-2025-07-06-at-4.55.22-PM-1024x683.jpeg\" alt=\"\" class=\"wp-image-6515\" srcset=\"https:\/\/veracruzanosexcepcionahles.com\/wp-content\/uploads\/2025\/07\/WhatsApp-Image-2025-07-06-at-4.55.22-PM-1024x683.jpeg 1024w, https:\/\/veracruzanosexcepcionahles.com\/wp-content\/uploads\/2025\/07\/WhatsApp-Image-2025-07-06-at-4.55.22-PM-300x200.jpeg 300w, https:\/\/veracruzanosexcepcionahles.com\/wp-content\/uploads\/2025\/07\/WhatsApp-Image-2025-07-06-at-4.55.22-PM-768x512.jpeg 768w, https:\/\/veracruzanosexcepcionahles.com\/wp-content\/uploads\/2025\/07\/WhatsApp-Image-2025-07-06-at-4.55.22-PM-1536x1024.jpeg 1536w, https:\/\/veracruzanosexcepcionahles.com\/wp-content\/uploads\/2025\/07\/WhatsApp-Image-2025-07-06-at-4.55.22-PM-2048x1365.jpeg 2048w, https:\/\/veracruzanosexcepcionahles.com\/wp-content\/uploads\/2025\/07\/WhatsApp-Image-2025-07-06-at-4.55.22-PM-600x400.jpeg 600w\" sizes=\"auto, (max-width: 1024px) 100vw, 1024px\" \/><\/figure>\n<\/figure>\n\n\n\n<p><strong>Zaragoza, Ver., domingo 06 de julio de 2025<\/strong>.- En un d\u00eda hist\u00f3rico de justicia social y dignidad para los pueblos originarios, la presidenta Claudia Sheinbaum Pardo y la gobernadora Roc\u00edo Nahle Garc\u00eda encabezaron la asamblea comunitaria del Fondo de Aportaciones para la Infraestructura Social de los Pueblos y Comunidades Ind\u00edgenas y Afromexicanas.<\/p>\n\n\n\n<p>Durante el acto, Benita G\u00f3mez Ignacio, tesorera de la comunidad nahua de Zaragoza, y Yareli Guadalupe Torres Alvarado, de Vista Hermosa, Acayucan, recibieron las tarjetas que simbolizan la confianza del Estado en la autogesti\u00f3n de sus pueblos, con asignaciones de 1.6 millones de pesos y 141 mil 225 pesos, respectivamente.<\/p>\n\n\n\n<p>\u201cSoy la primera en aplaudir este programa, porque da a nuestras comunidades el poder de decisi\u00f3n que siempre debieron tener\u201d, expres\u00f3 la Gobernadora, tras agradecer el arranque en esta zona de Veracruz, estado que alberga 13 pueblos originarios distribuidos en 10 regiones, desde la Huasteca hasta el Istmo.<\/p>\n\n\n\n<p>La Presidenta de M\u00e9xico subray\u00f3 que por primera vez reciben presupuesto p\u00fablico directo, determinado por su poblaci\u00f3n y nivel de pobreza; cada asamblea decide en qu\u00e9 se invierte el recurso y elige una tesorera \u2014preferentemente mujer\u2014 para administrarlo con honestidad.<\/p>\n\n\n\n<p>Se\u00f1al\u00f3 que esto es resultado de la Cuarta Transformaci\u00f3n de la vida p\u00fablica del pa\u00eds, encabezada por el expresidente Andr\u00e9s Manuel L\u00f3pez Obrador, que reconoce a los pueblos originarios como sujetos de derecho.<\/p>\n\n\n\n<p>En su intervenci\u00f3n, el titular del Instituto Nacional de los Pueblos Ind\u00edgenas, Adelfo Regino Montes, precis\u00f3 que en Veracruz 2 mil 579 comunidades ind\u00edgenas ser\u00e1n beneficiadas con este Fondo, entre ellas las pertenecientes a los pueblos nahua, totonaco, popoluca, chinanteco, otom\u00ed, mazateco, mixe, tepehua, chol y tzeltal.<\/p>\n\n\n\n<p>Por su parte, la secretaria de Bienestar, Ariadna Montiel Reyes, destac\u00f3 que en la entidad se distribuir\u00e1n mil 418 millones de pesos, como parte de los 12 mil 374 mdp asignados este a\u00f1o a nivel nacional; este presupuesto \u2014que aumentar\u00e1 cada a\u00f1o\u2014 beneficiar\u00e1 a m\u00e1s de 13 mil comunidades registradas en el Cat\u00e1logo Nacional de Pueblos Ind\u00edgenas y Afromexicanas.<\/p>\n","protected":false},"excerpt":{"rendered":"<p>*Administrar\u00e1n recursos p\u00fablicos para obras prioritarias. *Mil 418 millones de pesos se distribuir\u00e1n entre 2 mil 500 comunidades. Zaragoza, Ver., domingo 06 de julio de 2025.- En un d\u00eda hist\u00f3rico de justicia social y dignidad para los pueblos originarios, la presidenta Claudia Sheinbaum Pardo y la gobernadora Roc\u00edo Nahle Garc\u00eda encabezaron la asamblea comunitaria del&#8230;<\/p>\n","protected":false},"author":2,"featured_media":6515,"comment_status":"closed","ping_status":"closed","sticky":false,"template":"","format":"standard","meta":{"_jetpack_memberships_contains_paid_content":false,"footnotes":"","jetpack_publicize_message":"","jetpack_publicize_feature_enabled":true,"jetpack_social_post_already_shared":true,"jetpack_social_options":{"image_generator_settings":{"template":"highway","default_image_id":0,"font":"","enabled":false},"version":2}},"categories":[23],"tags":[],"class_list":["post-6509","post","type-post","status-publish","format-standard","has-post-thumbnail","hentry","category-actividadesnahle"],"jetpack_publicize_connections":[],"jetpack_featured_media_url":"https:\/\/veracruzanosexcepcionahles.com\/wp-content\/uploads\/2025\/07\/WhatsApp-Image-2025-07-06-at-4.55.22-PM-scaled.jpeg","jetpack_sharing_enabled":true,"jetpack_likes_enabled":true,"jetpack_shortlink":"https:\/\/wp.me\/pe8dhK-1GZ","_links":{"self":[{"href":"https:\/\/veracruzanosexcepcionahles.com\/index.php\/wp-json\/wp\/v2\/posts\/6509","targetHints":{"allow":["GET"]}}],"collection":[{"href":"https:\/\/veracruzanosexcepcionahles.com\/index.php\/wp-json\/wp\/v2\/posts"}],"about":[{"href":"https:\/\/veracruzanosexcepcionahles.com\/index.php\/wp-json\/wp\/v2\/types\/post"}],"author":[{"embeddable":true,"href":"https:\/\/veracruzanosexcepcionahles.com\/index.php\/wp-json\/wp\/v2\/users\/2"}],"replies":[{"embeddable":true,"href":"https:\/\/veracruzanosexcepcionahles.com\/index.php\/wp-json\/wp\/v2\/comments?post=6509"}],"version-history":[{"count":1,"href":"https:\/\/veracruzanosexcepcionahles.com\/index.php\/wp-json\/wp\/v2\/posts\/6509\/revisions"}],"predecessor-version":[{"id":6516,"href":"https:\/\/veracruzanosexcepcionahles.com\/index.php\/wp-json\/wp\/v2\/posts\/6509\/revisions\/6516"}],"wp:featuredmedia":[{"embeddable":true,"href":"https:\/\/veracruzanosexcepcionahles.com\/index.php\/wp-json\/wp\/v2\/media\/6515"}],"wp:attachment":[{"href":"https:\/\/veracruzanosexcepcionahles.com\/index.php\/wp-json\/wp\/v2\/media?parent=6509"}],"wp:term":[{"taxonomy":"category","embeddable":true,"href":"https:\/\/veracruzanosexcepcionahles.com\/index.php\/wp-json\/wp\/v2\/categories?post=6509"},{"taxonomy":"post_tag","embeddable":true,"href":"https:\/\/veracruzanosexcepcionahles.com\/index.php\/wp-json\/wp\/v2\/tags?post=6509"}],"curies":[{"name":"wp","href":"https:\/\/api.w.org\/{rel}","templated":true}]}}