{"id":6487,"date":"2025-07-04T17:44:39","date_gmt":"2025-07-04T23:44:39","guid":{"rendered":"https:\/\/veracruzanosexcepcionahles.com\/?p=6487"},"modified":"2025-07-04T17:44:41","modified_gmt":"2025-07-04T23:44:41","slug":"sev-informa-a-sindicatos-sobre-cambios-de-centro-de-trabajo-2025-2026","status":"publish","type":"post","link":"https:\/\/veracruzanosexcepcionahles.com\/index.php\/2025\/07\/04\/sev-informa-a-sindicatos-sobre-cambios-de-centro-de-trabajo-2025-2026\/","title":{"rendered":"SEV informa a sindicatos sobre cambios de centro de trabajo 2025\u20132026"},"content":{"rendered":"\n<p><a><\/a>Xalapa, Ver., viernes 04 de julio de 2025.- La Secretar\u00eda de Educaci\u00f3n de Veracruz (SEV) inform\u00f3 a las organizaciones sindicales sobre los lineamientos y procedimientos del proceso de cambios de centro de trabajo correspondiente al ciclo escolar 2025\u20132026.<\/p>\n\n\n\n<p>Durante reuni\u00f3n encabezada por la Unidad de Planeaci\u00f3n, Evaluaci\u00f3n y Control Educativo, se presentaron los criterios que regir\u00e1n este proceso, en apego a las disposiciones de la Unidad del Sistema para la Carrera de las Maestras y los Maestros, y al decreto presidencial publicado en el Diario Oficial de la Federaci\u00f3n.<\/p>\n\n\n\n<p>Este ejercicio de di\u00e1logo reafirma el compromiso de la SEV con la transparencia, la legalidad y el respeto a los derechos laborales del magisterio veracruzano.<\/p>\n","protected":false},"excerpt":{"rendered":"<p>Xalapa, Ver., viernes 04 de julio de 2025.- La Secretar\u00eda de Educaci\u00f3n de Veracruz (SEV) inform\u00f3 a las organizaciones sindicales sobre los lineamientos y procedimientos del proceso de cambios de centro de trabajo correspondiente al ciclo escolar 2025\u20132026. Durante reuni\u00f3n encabezada por la Unidad de Planeaci\u00f3n, Evaluaci\u00f3n y Control Educativo, se presentaron los criterios que&#8230;<\/p>\n","protected":false},"author":2,"featured_media":6488,"comment_status":"closed","ping_status":"closed","sticky":false,"template":"","format":"standard","meta":{"_jetpack_memberships_contains_paid_content":false,"footnotes":"","jetpack_publicize_message":"","jetpack_publicize_feature_enabled":true,"jetpack_social_post_already_shared":true,"jetpack_social_options":{"image_generator_settings":{"template":"highway","default_image_id":0,"font":"","enabled":false},"version":2}},"categories":[2],"tags":[],"class_list":["post-6487","post","type-post","status-publish","format-standard","has-post-thumbnail","hentry","category-gobiernoestatal"],"jetpack_publicize_connections":[],"jetpack_featured_media_url":"https:\/\/veracruzanosexcepcionahles.com\/wp-content\/uploads\/2025\/07\/515433431_1152059886951650_2711616202150479370_n.jpg","jetpack_sharing_enabled":true,"jetpack_likes_enabled":true,"jetpack_shortlink":"https:\/\/wp.me\/pe8dhK-1GD","_links":{"self":[{"href":"https:\/\/veracruzanosexcepcionahles.com\/index.php\/wp-json\/wp\/v2\/posts\/6487","targetHints":{"allow":["GET"]}}],"collection":[{"href":"https:\/\/veracruzanosexcepcionahles.com\/index.php\/wp-json\/wp\/v2\/posts"}],"about":[{"href":"https:\/\/veracruzanosexcepcionahles.com\/index.php\/wp-json\/wp\/v2\/types\/post"}],"author":[{"embeddable":true,"href":"https:\/\/veracruzanosexcepcionahles.com\/index.php\/wp-json\/wp\/v2\/users\/2"}],"replies":[{"embeddable":true,"href":"https:\/\/veracruzanosexcepcionahles.com\/index.php\/wp-json\/wp\/v2\/comments?post=6487"}],"version-history":[{"count":1,"href":"https:\/\/veracruzanosexcepcionahles.com\/index.php\/wp-json\/wp\/v2\/posts\/6487\/revisions"}],"predecessor-version":[{"id":6489,"href":"https:\/\/veracruzanosexcepcionahles.com\/index.php\/wp-json\/wp\/v2\/posts\/6487\/revisions\/6489"}],"wp:featuredmedia":[{"embeddable":true,"href":"https:\/\/veracruzanosexcepcionahles.com\/index.php\/wp-json\/wp\/v2\/media\/6488"}],"wp:attachment":[{"href":"https:\/\/veracruzanosexcepcionahles.com\/index.php\/wp-json\/wp\/v2\/media?parent=6487"}],"wp:term":[{"taxonomy":"category","embeddable":true,"href":"https:\/\/veracruzanosexcepcionahles.com\/index.php\/wp-json\/wp\/v2\/categories?post=6487"},{"taxonomy":"post_tag","embeddable":true,"href":"https:\/\/veracruzanosexcepcionahles.com\/index.php\/wp-json\/wp\/v2\/tags?post=6487"}],"curies":[{"name":"wp","href":"https:\/\/api.w.org\/{rel}","templated":true}]}}