{"id":6478,"date":"2025-07-03T17:41:42","date_gmt":"2025-07-03T23:41:42","guid":{"rendered":"https:\/\/veracruzanosexcepcionahles.com\/?p=6478"},"modified":"2025-07-03T17:41:43","modified_gmt":"2025-07-03T23:41:43","slug":"equipo-territorial-de-sedesol-unicos-autorizados-para-el-registro-de-apoyo-a-la-palabra","status":"publish","type":"post","link":"https:\/\/veracruzanosexcepcionahles.com\/index.php\/2025\/07\/03\/equipo-territorial-de-sedesol-unicos-autorizados-para-el-registro-de-apoyo-a-la-palabra\/","title":{"rendered":"Equipo territorial de Sedesol, \u00fanicos autorizados para el registro de Apoyo a la Palabra"},"content":{"rendered":"\n<p>Xalapa, Ver., jueves 03 de julio del 2025.- El Gobierno del Estado de Veracruz informa a la ciudadan\u00eda que ninguna persona, gestor o dependencia ajena a la Secretar\u00eda de Desarrollo Social (Sedesol) est\u00e1 autorizada para inscribir o solicitar informaci\u00f3n relacionada con el programa Apoyo a la Palabra \u2013 Plan M\u00e9xico.<\/p>\n\n\n\n<p>Las solicitudes se reciben \u00fanicamente a trav\u00e9s de la Direcci\u00f3n de Enlace y Atenci\u00f3n a Beneficiarios, y est\u00e1n sujetas a disponibilidad presupuestal y visita territorial, de acuerdo con lo establecido en el portal https:\/\/www.veracruz.gob.mx\/desarrollosocial\/programas-sociales1\/.<\/p>\n\n\n\n<p>El procedimiento de participaci\u00f3n, selecci\u00f3n y dictaminaci\u00f3n de las personas solicitantes ser\u00e1 mediante evaluaci\u00f3n de la informaci\u00f3n sociodemogr\u00e1fica y socioecon\u00f3mica que la persona proporcione, a partir de la informaci\u00f3n recabada, ya sea a trav\u00e9s de visitas de campo o contacto directo con el equipo de facilitadores, previamente identificado.<\/p>\n\n\n\n<p>Por conducto del Equipo Territorial, se identificar\u00e1 a la poblaci\u00f3n, con base en los criterios de elegibilidad, conforme a la disponibilidad presupuestal y de recursos humanos.<\/p>\n\n\n\n<p>Cualquier otra v\u00eda es falsa y constituye una pr\u00e1ctica irregular. Si alguien ofrece gestionar el ingreso a cambio de dinero, documentos o promesas, no lo permitas ni entregues informaci\u00f3n.<\/p>\n\n\n\n<p>La Sedesol trabaja con transparencia y atenci\u00f3n directa, sin intermediarios, para que los apoyos lleguen a quienes m\u00e1s lo necesitan.<\/p>\n","protected":false},"excerpt":{"rendered":"<p>Xalapa, Ver., jueves 03 de julio del 2025.- El Gobierno del Estado de Veracruz informa a la ciudadan\u00eda que ninguna persona, gestor o dependencia ajena a la Secretar\u00eda de Desarrollo Social (Sedesol) est\u00e1 autorizada para inscribir o solicitar informaci\u00f3n relacionada con el programa Apoyo a la Palabra \u2013 Plan M\u00e9xico. Las solicitudes se reciben \u00fanicamente&#8230;<\/p>\n","protected":false},"author":2,"featured_media":6479,"comment_status":"closed","ping_status":"closed","sticky":false,"template":"","format":"standard","meta":{"_jetpack_memberships_contains_paid_content":false,"footnotes":"","jetpack_publicize_message":"","jetpack_publicize_feature_enabled":true,"jetpack_social_post_already_shared":true,"jetpack_social_options":{"image_generator_settings":{"template":"highway","default_image_id":0,"font":"","enabled":false},"version":2}},"categories":[2],"tags":[],"class_list":["post-6478","post","type-post","status-publish","format-standard","has-post-thumbnail","hentry","category-gobiernoestatal"],"jetpack_publicize_connections":[],"jetpack_featured_media_url":"https:\/\/veracruzanosexcepcionahles.com\/wp-content\/uploads\/2025\/07\/WhatsApp-Image-2025-07-03-at-5.09.31-PM-scaled.jpeg","jetpack_sharing_enabled":true,"jetpack_likes_enabled":true,"jetpack_shortlink":"https:\/\/wp.me\/pe8dhK-1Gu","_links":{"self":[{"href":"https:\/\/veracruzanosexcepcionahles.com\/index.php\/wp-json\/wp\/v2\/posts\/6478","targetHints":{"allow":["GET"]}}],"collection":[{"href":"https:\/\/veracruzanosexcepcionahles.com\/index.php\/wp-json\/wp\/v2\/posts"}],"about":[{"href":"https:\/\/veracruzanosexcepcionahles.com\/index.php\/wp-json\/wp\/v2\/types\/post"}],"author":[{"embeddable":true,"href":"https:\/\/veracruzanosexcepcionahles.com\/index.php\/wp-json\/wp\/v2\/users\/2"}],"replies":[{"embeddable":true,"href":"https:\/\/veracruzanosexcepcionahles.com\/index.php\/wp-json\/wp\/v2\/comments?post=6478"}],"version-history":[{"count":1,"href":"https:\/\/veracruzanosexcepcionahles.com\/index.php\/wp-json\/wp\/v2\/posts\/6478\/revisions"}],"predecessor-version":[{"id":6480,"href":"https:\/\/veracruzanosexcepcionahles.com\/index.php\/wp-json\/wp\/v2\/posts\/6478\/revisions\/6480"}],"wp:featuredmedia":[{"embeddable":true,"href":"https:\/\/veracruzanosexcepcionahles.com\/index.php\/wp-json\/wp\/v2\/media\/6479"}],"wp:attachment":[{"href":"https:\/\/veracruzanosexcepcionahles.com\/index.php\/wp-json\/wp\/v2\/media?parent=6478"}],"wp:term":[{"taxonomy":"category","embeddable":true,"href":"https:\/\/veracruzanosexcepcionahles.com\/index.php\/wp-json\/wp\/v2\/categories?post=6478"},{"taxonomy":"post_tag","embeddable":true,"href":"https:\/\/veracruzanosexcepcionahles.com\/index.php\/wp-json\/wp\/v2\/tags?post=6478"}],"curies":[{"name":"wp","href":"https:\/\/api.w.org\/{rel}","templated":true}]}}