{"id":6475,"date":"2025-07-03T11:43:07","date_gmt":"2025-07-03T17:43:07","guid":{"rendered":"https:\/\/veracruzanosexcepcionahles.com\/?p=6475"},"modified":"2025-07-03T11:43:09","modified_gmt":"2025-07-03T17:43:09","slug":"casos-de-dengue-en-veracruz-bajan-a-menos-de-la-mitad-respecto-al-ano-pasado","status":"publish","type":"post","link":"https:\/\/veracruzanosexcepcionahles.com\/index.php\/2025\/07\/03\/casos-de-dengue-en-veracruz-bajan-a-menos-de-la-mitad-respecto-al-ano-pasado\/","title":{"rendered":"Casos de dengue en Veracruz bajan a menos de la mitad respecto al a\u00f1o pasado"},"content":{"rendered":"\n<p>*Coordinaci\u00f3n interinstitucional y comunitaria, claves para frenar al vector.<br>*Programan jornadas de eliminaci\u00f3n masiva de criaderos.<\/p>\n\n\n\n<p>Xalapa, Ver., mi\u00e9rcoles 02 de julio de 2025.- Para fortalecer las estrategias de prevenci\u00f3n y control del dengue, sesion\u00f3 el Subcomit\u00e9 Interinstitucional para la Prevenci\u00f3n y Control de Enfermedades Transmitidas por Vector, de la Jurisdicci\u00f3n Sanitaria N\u00famero V.<\/p>\n\n\n\n<p>Durante la reuni\u00f3n se compartieron cifras actualizadas, registr\u00e1ndose 712 casos confirmados en Veracruz, lo que representa una reducci\u00f3n significativa respecto al mismo periodo del a\u00f1o anterior.<\/p>\n\n\n\n<p>El Subcomit\u00e9 reafirm\u00f3 la importancia de la colaboraci\u00f3n entre instituciones, gobiernos municipales, organizaciones civiles y comunidad, a fin de reducir los criaderos del mosquito transmisor, especialmente en la temporada de lluvias.<\/p>\n\n\n\n<p>Entre los acuerdos alcanzados se encuentran: impulsar la aplicaci\u00f3n de la Ley 588; programar jornadas de eliminaci\u00f3n masiva de criaderos en los 33 municipios que integran esta Jurisdicci\u00f3n; gestionar con la Secretar\u00eda de Medio Ambiente el destino final de llantas; y mantener coordinaci\u00f3n para acciones de fumigaci\u00f3n en caso necesario.<\/p>\n\n\n\n<p>Asimismo, promover la participaci\u00f3n comunitaria permanente, reforzar la difusi\u00f3n de medidas preventivas en hogares y espacios p\u00fablicos, y garantizar la atenci\u00f3n m\u00e9dica oportuna a personas con s\u00edntomas de la enfermedad.<\/p>\n\n\n\n<p>Al encabezar la sesi\u00f3n, el secretario de Salud, Valent\u00edn Herrera Alarc\u00f3n, hizo un llamado al trabajo en equipo e insisti\u00f3 en la necesidad de sumar esfuerzos entre autoridades y ciudadan\u00eda para contener el dengue.<\/p>\n\n\n\n<p>Por su parte, la directora de Salud P\u00fablica, Mar\u00eda Luisa S\u00e1nchez Murrieta, inform\u00f3 que la dependencia mantiene una campa\u00f1a orientada a promover acciones desde los hogares para eliminar criaderos, especialmente durante la temporada de lluvias.<\/p>\n\n\n\n<p>&#8212;000&#8212;<\/p>\n","protected":false},"excerpt":{"rendered":"<p>*Coordinaci\u00f3n interinstitucional y comunitaria, claves para frenar al vector.*Programan jornadas de eliminaci\u00f3n masiva de criaderos. Xalapa, Ver., mi\u00e9rcoles 02 de julio de 2025.- Para fortalecer las estrategias de prevenci\u00f3n y control del dengue, sesion\u00f3 el Subcomit\u00e9 Interinstitucional para la Prevenci\u00f3n y Control de Enfermedades Transmitidas por Vector, de la Jurisdicci\u00f3n Sanitaria N\u00famero V. Durante la&#8230;<\/p>\n","protected":false},"author":2,"featured_media":6476,"comment_status":"closed","ping_status":"closed","sticky":false,"template":"","format":"standard","meta":{"_jetpack_memberships_contains_paid_content":false,"footnotes":"","jetpack_publicize_message":"","jetpack_publicize_feature_enabled":true,"jetpack_social_post_already_shared":true,"jetpack_social_options":{"image_generator_settings":{"template":"highway","default_image_id":0,"font":"","enabled":false},"version":2}},"categories":[2],"tags":[],"class_list":["post-6475","post","type-post","status-publish","format-standard","has-post-thumbnail","hentry","category-gobiernoestatal"],"jetpack_publicize_connections":[],"jetpack_featured_media_url":"https:\/\/veracruzanosexcepcionahles.com\/wp-content\/uploads\/2025\/07\/WhatsApp-Image-2025-07-02-at-9.44.56-PM.jpeg","jetpack_sharing_enabled":true,"jetpack_likes_enabled":true,"jetpack_shortlink":"https:\/\/wp.me\/pe8dhK-1Gr","_links":{"self":[{"href":"https:\/\/veracruzanosexcepcionahles.com\/index.php\/wp-json\/wp\/v2\/posts\/6475","targetHints":{"allow":["GET"]}}],"collection":[{"href":"https:\/\/veracruzanosexcepcionahles.com\/index.php\/wp-json\/wp\/v2\/posts"}],"about":[{"href":"https:\/\/veracruzanosexcepcionahles.com\/index.php\/wp-json\/wp\/v2\/types\/post"}],"author":[{"embeddable":true,"href":"https:\/\/veracruzanosexcepcionahles.com\/index.php\/wp-json\/wp\/v2\/users\/2"}],"replies":[{"embeddable":true,"href":"https:\/\/veracruzanosexcepcionahles.com\/index.php\/wp-json\/wp\/v2\/comments?post=6475"}],"version-history":[{"count":1,"href":"https:\/\/veracruzanosexcepcionahles.com\/index.php\/wp-json\/wp\/v2\/posts\/6475\/revisions"}],"predecessor-version":[{"id":6477,"href":"https:\/\/veracruzanosexcepcionahles.com\/index.php\/wp-json\/wp\/v2\/posts\/6475\/revisions\/6477"}],"wp:featuredmedia":[{"embeddable":true,"href":"https:\/\/veracruzanosexcepcionahles.com\/index.php\/wp-json\/wp\/v2\/media\/6476"}],"wp:attachment":[{"href":"https:\/\/veracruzanosexcepcionahles.com\/index.php\/wp-json\/wp\/v2\/media?parent=6475"}],"wp:term":[{"taxonomy":"category","embeddable":true,"href":"https:\/\/veracruzanosexcepcionahles.com\/index.php\/wp-json\/wp\/v2\/categories?post=6475"},{"taxonomy":"post_tag","embeddable":true,"href":"https:\/\/veracruzanosexcepcionahles.com\/index.php\/wp-json\/wp\/v2\/tags?post=6475"}],"curies":[{"name":"wp","href":"https:\/\/api.w.org\/{rel}","templated":true}]}}