{"id":6469,"date":"2025-07-03T11:33:50","date_gmt":"2025-07-03T17:33:50","guid":{"rendered":"https:\/\/veracruzanosexcepcionahles.com\/?p=6469"},"modified":"2025-07-03T11:33:51","modified_gmt":"2025-07-03T17:33:51","slug":"invitan-a-la-inauguracion-de-grafica-nomada-en-el-agora-de-la-ciudad","status":"publish","type":"post","link":"https:\/\/veracruzanosexcepcionahles.com\/index.php\/2025\/07\/03\/invitan-a-la-inauguracion-de-grafica-nomada-en-el-agora-de-la-ciudad\/","title":{"rendered":"Invitan a la inauguraci\u00f3n de Gr\u00e1fica N\u00f3mada, en el \u00c1gora de la Ciudad"},"content":{"rendered":"\n<p>&gt;Con esta muestra se marca la reapertura del recinto cultural xalape\u00f1o.<\/p>\n\n\n\n<p><strong>Xalapa, Ver., jueves 03 de julio de 2025.-<\/strong> La Secretar\u00eda de Cultura de Veracruz (SECVER), en coordinaci\u00f3n con el Taller de Grabado de la Facultad de Artes Pl\u00e1sticas de la Universidad Veracruzana (UV), invita a la inauguraci\u00f3n de la exposici\u00f3n Gr\u00e1fica N\u00f3mada, este jueves a las 18:00 horas, en el \u00c1gora de la Ciudad. La entrada es gratuita.<\/p>\n\n\n\n<p>La muestra re\u00fane m\u00e1s de 40 obras de diversas t\u00e9cnicas y formatos, resultado del trabajo de la Colectiva de Grabado, integrada por Roxana C\u00e1mara, Roberto Gonz\u00e1lez y Carlos Torralba, egresados de la Facultad de Artes Pl\u00e1sticas de la UV.<\/p>\n\n\n\n<p>En palabras de Javier Mora, autor del texto de sala, la exposici\u00f3n invita a sumergirse en los r\u00edos originarios de sus afirmaciones y constantes di\u00e1logos, de la mano de la gr\u00e1fica, destacando su capacidad de unir y diferenciar las expresiones de cada autor.<\/p>\n\n\n\n<p>Roxana C\u00e1mara participa con 10 piezas de las series Ciudad, Arte y Entorno, Colas de papalote y Los recursos de la nostalgia. Su trayectoria abarca desde la producci\u00f3n art\u00edstica y la gr\u00e1fica experimental, hasta la museograf\u00eda y el dise\u00f1o editorial. Es integrante del Taller de Grabado UV y de la Red Internacional de Estudios Visuales, Investigaci\u00f3n y Producci\u00f3n (RIEVIP), as\u00ed como coordinadora de ilustraci\u00f3n en la Colecci\u00f3n Biblioteca del Universitario UV.<\/p>\n\n\n\n<p>Roberto Gonz\u00e1lez presenta una instalaci\u00f3n de 20 elementos plegables y dos piezas de cer\u00e1mica; su obra ha sido exhibida en M\u00e9xico, Estados Unidos, Canad\u00e1, Jap\u00f3n, Serbia y otros pa\u00edses. Ha sido distinguido con premios y menciones honor\u00edficas, y forma parte de colecciones internacionales. Actualmente, coordina la Galer\u00eda AP de la Facultad de Artes Pl\u00e1sticas de la UV.<\/p>\n\n\n\n<p>Carlos Torralba expone dos libros de artista elaborados con cer\u00e1mica y papel, adem\u00e1s de 15 estampas intervenidas en punta seca, xilograf\u00eda y serigraf\u00eda sobre tela. Ha realizado estancias art\u00edsticas en Cuba y Estados Unidos, y su trabajo ha sido presentado en diversos pa\u00edses. Es fundador de la Galer\u00eda AP y colaborador en revistas de arte, adem\u00e1s de organizador de importantes encuentros gr\u00e1ficos internacionales.<\/p>\n\n\n\n<p>Con esta exposici\u00f3n, se reapertura la Galer\u00eda del \u00c1gora de la Ciudad de Xalapa, que podr\u00e1 visitarse de martes a domingo a partir de las 11:00 horas. Para m\u00e1s informaci\u00f3n, consulta las redes sociales @Agoradelaciudad para conocer m\u00e1s informaci\u00f3n sobre esta y otras actividades culturales, as\u00ed como la cuenta de la @SECVEROficial.<\/p>\n","protected":false},"excerpt":{"rendered":"<p>&gt;Con esta muestra se marca la reapertura del recinto cultural xalape\u00f1o. Xalapa, Ver., jueves 03 de julio de 2025.- La Secretar\u00eda de Cultura de Veracruz (SECVER), en coordinaci\u00f3n con el Taller de Grabado de la Facultad de Artes Pl\u00e1sticas de la Universidad Veracruzana (UV), invita a la inauguraci\u00f3n de la exposici\u00f3n Gr\u00e1fica N\u00f3mada, este jueves&#8230;<\/p>\n","protected":false},"author":2,"featured_media":6470,"comment_status":"closed","ping_status":"closed","sticky":false,"template":"","format":"standard","meta":{"_jetpack_memberships_contains_paid_content":false,"footnotes":"","jetpack_publicize_message":"","jetpack_publicize_feature_enabled":true,"jetpack_social_post_already_shared":true,"jetpack_social_options":{"image_generator_settings":{"template":"highway","default_image_id":0,"font":"","enabled":false},"version":2}},"categories":[2],"tags":[],"class_list":["post-6469","post","type-post","status-publish","format-standard","has-post-thumbnail","hentry","category-gobiernoestatal"],"jetpack_publicize_connections":[],"jetpack_featured_media_url":"https:\/\/veracruzanosexcepcionahles.com\/wp-content\/uploads\/2025\/07\/WhatsApp-Image-2025-07-03-at-11.17.01-AM.jpeg","jetpack_sharing_enabled":true,"jetpack_likes_enabled":true,"jetpack_shortlink":"https:\/\/wp.me\/pe8dhK-1Gl","_links":{"self":[{"href":"https:\/\/veracruzanosexcepcionahles.com\/index.php\/wp-json\/wp\/v2\/posts\/6469","targetHints":{"allow":["GET"]}}],"collection":[{"href":"https:\/\/veracruzanosexcepcionahles.com\/index.php\/wp-json\/wp\/v2\/posts"}],"about":[{"href":"https:\/\/veracruzanosexcepcionahles.com\/index.php\/wp-json\/wp\/v2\/types\/post"}],"author":[{"embeddable":true,"href":"https:\/\/veracruzanosexcepcionahles.com\/index.php\/wp-json\/wp\/v2\/users\/2"}],"replies":[{"embeddable":true,"href":"https:\/\/veracruzanosexcepcionahles.com\/index.php\/wp-json\/wp\/v2\/comments?post=6469"}],"version-history":[{"count":1,"href":"https:\/\/veracruzanosexcepcionahles.com\/index.php\/wp-json\/wp\/v2\/posts\/6469\/revisions"}],"predecessor-version":[{"id":6471,"href":"https:\/\/veracruzanosexcepcionahles.com\/index.php\/wp-json\/wp\/v2\/posts\/6469\/revisions\/6471"}],"wp:featuredmedia":[{"embeddable":true,"href":"https:\/\/veracruzanosexcepcionahles.com\/index.php\/wp-json\/wp\/v2\/media\/6470"}],"wp:attachment":[{"href":"https:\/\/veracruzanosexcepcionahles.com\/index.php\/wp-json\/wp\/v2\/media?parent=6469"}],"wp:term":[{"taxonomy":"category","embeddable":true,"href":"https:\/\/veracruzanosexcepcionahles.com\/index.php\/wp-json\/wp\/v2\/categories?post=6469"},{"taxonomy":"post_tag","embeddable":true,"href":"https:\/\/veracruzanosexcepcionahles.com\/index.php\/wp-json\/wp\/v2\/tags?post=6469"}],"curies":[{"name":"wp","href":"https:\/\/api.w.org\/{rel}","templated":true}]}}