{"id":6454,"date":"2025-06-30T21:52:57","date_gmt":"2025-07-01T03:52:57","guid":{"rendered":"https:\/\/veracruzanosexcepcionahles.com\/?p=6454"},"modified":"2025-06-30T21:52:59","modified_gmt":"2025-07-01T03:52:59","slug":"fortalece-veracruz-estrategia-de-proteccion-a-mujeres-y-jovenes","status":"publish","type":"post","link":"https:\/\/veracruzanosexcepcionahles.com\/index.php\/2025\/06\/30\/fortalece-veracruz-estrategia-de-proteccion-a-mujeres-y-jovenes\/","title":{"rendered":"Fortalece Veracruz estrategia de protecci\u00f3n a mujeres y j\u00f3venes"},"content":{"rendered":"\n<p>*Impulsa acciones legales, f\u00edsicas y preventivas para atender la inseguridad.<\/p>\n\n\n\n<p><strong>Xalapa, Ver., lunes 30 de junio de 2025<\/strong>.- La estrategia Veracruzana Protegida, impulsada por el Gobierno del Estado y el Tribunal Superior de Justicia, desde el pasado 8 de marzo, ha brindado protecci\u00f3n legal y f\u00edsica a m\u00e1s de 360 mujeres en situaci\u00f3n de riesgo, inform\u00f3 la gobernadora Roc\u00edo Nahle durante la conferencia de prensa.<\/p>\n\n\n\n<p>\u201cCon que una mujer recibiera apoyo, ya era justificable esta pol\u00edtica p\u00fablica; hoy son m\u00e1s de 360 veracruzanas las que han sido protegidas\u201d. Record\u00f3 que la atenci\u00f3n est\u00e1 activa las 24 horas a trav\u00e9s de los canales de atenci\u00f3n ciudadana, y ha contribuido a fortalecer la confianza en las instituciones.<\/p>\n\n\n\n<p>Asimismo, se\u00f1al\u00f3 que el trabajo coordinado con la Secretar\u00eda de Gobierno y la Fiscal\u00eda General del Estado (FGE) garantiza el acompa\u00f1amiento y resguardo oportuno.<\/p>\n\n\n\n<p>En otro eje de trabajo, la Mandataria anunci\u00f3 que se prepara una nueva campa\u00f1a de prevenci\u00f3n dirigida a madres, padres y j\u00f3venes para alertar sobre los riesgos del consumo de drogas y la relaci\u00f3n con actividades delictivas.<\/p>\n\n\n\n<p>\u201cMe impacta y me duele mucho ver que j\u00f3venes pierdan la vida o su futuro enredados en el narcomenudeo. Vamos a actuar como gobierno y como sociedad para prevenirlo\u201d.<\/p>\n\n\n\n<p>En cuanto al informe de seguridad, la Gobernadora dio a conocer que del viernes 27 al lunes 30 se registraron nueve homicidios dolosos:<\/p>\n\n\n\n<ul class=\"wp-block-list\">\n<li>Viernes a s\u00e1bado: tres homicidios (Tlapacoyan, \u00c1lamo y Cozamaloapan), en su mayor\u00eda relacionados con narcomenudeo.<\/li>\n\n\n\n<li>S\u00e1bado a domingo: un joven atacado en un taller mec\u00e1nico, en proceso de investigaci\u00f3n.<\/li>\n\n\n\n<li>Domingo a lunes: cinco homicidios (Coatzacoalcos, San Rafael, Cotaxtla y Xalapa), incluyendo dos v\u00edctimas mujeres no identificadas.<\/li>\n<\/ul>\n\n\n\n<p>\u201cEstamos trabajando con la Fiscal\u00eda para esclarecer cada caso y reforzamos la presencia institucional donde es necesario\u201d, indic\u00f3.<\/p>\n","protected":false},"excerpt":{"rendered":"<p>*Impulsa acciones legales, f\u00edsicas y preventivas para atender la inseguridad. Xalapa, Ver., lunes 30 de junio de 2025.- La estrategia Veracruzana Protegida, impulsada por el Gobierno del Estado y el Tribunal Superior de Justicia, desde el pasado 8 de marzo, ha brindado protecci\u00f3n legal y f\u00edsica a m\u00e1s de 360 mujeres en situaci\u00f3n de riesgo,&#8230;<\/p>\n","protected":false},"author":2,"featured_media":6455,"comment_status":"closed","ping_status":"closed","sticky":false,"template":"","format":"standard","meta":{"_jetpack_memberships_contains_paid_content":false,"footnotes":"","jetpack_publicize_message":"","jetpack_publicize_feature_enabled":true,"jetpack_social_post_already_shared":true,"jetpack_social_options":{"image_generator_settings":{"template":"highway","default_image_id":0,"font":"","enabled":false},"version":2}},"categories":[23],"tags":[],"class_list":["post-6454","post","type-post","status-publish","format-standard","has-post-thumbnail","hentry","category-actividadesnahle"],"jetpack_publicize_connections":[],"jetpack_featured_media_url":"https:\/\/veracruzanosexcepcionahles.com\/wp-content\/uploads\/2025\/06\/WhatsApp-Image-2025-06-30-at-1.20.34-PM-scaled.jpeg","jetpack_sharing_enabled":true,"jetpack_likes_enabled":true,"jetpack_shortlink":"https:\/\/wp.me\/pe8dhK-1G6","_links":{"self":[{"href":"https:\/\/veracruzanosexcepcionahles.com\/index.php\/wp-json\/wp\/v2\/posts\/6454","targetHints":{"allow":["GET"]}}],"collection":[{"href":"https:\/\/veracruzanosexcepcionahles.com\/index.php\/wp-json\/wp\/v2\/posts"}],"about":[{"href":"https:\/\/veracruzanosexcepcionahles.com\/index.php\/wp-json\/wp\/v2\/types\/post"}],"author":[{"embeddable":true,"href":"https:\/\/veracruzanosexcepcionahles.com\/index.php\/wp-json\/wp\/v2\/users\/2"}],"replies":[{"embeddable":true,"href":"https:\/\/veracruzanosexcepcionahles.com\/index.php\/wp-json\/wp\/v2\/comments?post=6454"}],"version-history":[{"count":1,"href":"https:\/\/veracruzanosexcepcionahles.com\/index.php\/wp-json\/wp\/v2\/posts\/6454\/revisions"}],"predecessor-version":[{"id":6456,"href":"https:\/\/veracruzanosexcepcionahles.com\/index.php\/wp-json\/wp\/v2\/posts\/6454\/revisions\/6456"}],"wp:featuredmedia":[{"embeddable":true,"href":"https:\/\/veracruzanosexcepcionahles.com\/index.php\/wp-json\/wp\/v2\/media\/6455"}],"wp:attachment":[{"href":"https:\/\/veracruzanosexcepcionahles.com\/index.php\/wp-json\/wp\/v2\/media?parent=6454"}],"wp:term":[{"taxonomy":"category","embeddable":true,"href":"https:\/\/veracruzanosexcepcionahles.com\/index.php\/wp-json\/wp\/v2\/categories?post=6454"},{"taxonomy":"post_tag","embeddable":true,"href":"https:\/\/veracruzanosexcepcionahles.com\/index.php\/wp-json\/wp\/v2\/tags?post=6454"}],"curies":[{"name":"wp","href":"https:\/\/api.w.org\/{rel}","templated":true}]}}