{"id":6333,"date":"2025-06-19T14:32:05","date_gmt":"2025-06-19T20:32:05","guid":{"rendered":"https:\/\/veracruzanosexcepcionahles.com\/?p=6333"},"modified":"2025-06-19T14:32:06","modified_gmt":"2025-06-19T20:32:06","slug":"expone-sev-libros-artesanales-elaborados-por-estudiantes-de-primaria","status":"publish","type":"post","link":"https:\/\/veracruzanosexcepcionahles.com\/index.php\/2025\/06\/19\/expone-sev-libros-artesanales-elaborados-por-estudiantes-de-primaria\/","title":{"rendered":"Expone SEV libros artesanales elaborados por estudiantes de primaria"},"content":{"rendered":"\n<p>Xalapa, Ver., jueves 19 de junio de 2025.- Con m\u00e1s de 250 ejemplares de las diferentes regiones del estado, la Secretar\u00eda de Educaci\u00f3n de Veracruz llev\u00f3 a cabo la tercera etapa y exposici\u00f3n del Libro Artesanal Veracruzano correspondiente a las supervisiones de zona de Educaci\u00f3n Primaria Estatal y Primaria Federalizada.<\/p>\n\n\n\n<p>Cada uno de los trabajos refleja la dedicaci\u00f3n, el cuidado, el entusiasmo y el compromiso que estudiantes y asesores imprimieron en su elaboraci\u00f3n, en cumplimiento con la convocatoria emitida por el Programa de Est\u00edmulos a Estudiantes Destacados.<\/p>\n\n\n\n<p>Durante la ceremonia de Primaria Estatal, celebrada en el Auditorio de la Torre Orgullo Veracruzano, el director Christopher Couttolenc Ochoa reconoci\u00f3 el esfuerzo de las y los alumnos, as\u00ed como de sus asesores, en la creaci\u00f3n de un libro artesanal que les permiti\u00f3 demostrar sus habilidades y destrezas pl\u00e1sticas, art\u00edsticas y est\u00e9ticas.<\/p>\n\n\n\n<p>Por su parte, en la explanada de las oficinas centrales de la SEV, se expusieron los trabajos de Primaria Federalizada (Primaria Baja y Primaria Alta), a cargo de su director, Jos\u00e9 Conde G\u00f3mez.<\/p>\n\n\n\n<p>La convocatoria 2025 estableci\u00f3 que los textos deb\u00edan inspirarse en el compendio de Las F\u00e1bulas de Esopo, represent\u00e1ndolos en la portada, contraportada, lomo, guardas, hojas de cortes\u00eda, directorio, p\u00e1gina legal, \u00edndice y colof\u00f3n. Asimismo, se incluyeron materiales que, de forma creativa, evocan la identidad de cada regi\u00f3n.<\/p>\n","protected":false},"excerpt":{"rendered":"<p>Xalapa, Ver., jueves 19 de junio de 2025.- Con m\u00e1s de 250 ejemplares de las diferentes regiones del estado, la Secretar\u00eda de Educaci\u00f3n de Veracruz llev\u00f3 a cabo la tercera etapa y exposici\u00f3n del Libro Artesanal Veracruzano correspondiente a las supervisiones de zona de Educaci\u00f3n Primaria Estatal y Primaria Federalizada. Cada uno de los trabajos&#8230;<\/p>\n","protected":false},"author":2,"featured_media":6334,"comment_status":"closed","ping_status":"closed","sticky":false,"template":"","format":"standard","meta":{"_jetpack_memberships_contains_paid_content":false,"footnotes":"","jetpack_publicize_message":"","jetpack_publicize_feature_enabled":true,"jetpack_social_post_already_shared":true,"jetpack_social_options":{"image_generator_settings":{"template":"highway","default_image_id":0,"font":"","enabled":false},"version":2}},"categories":[2],"tags":[],"class_list":["post-6333","post","type-post","status-publish","format-standard","has-post-thumbnail","hentry","category-gobiernoestatal"],"jetpack_publicize_connections":[],"jetpack_featured_media_url":"https:\/\/veracruzanosexcepcionahles.com\/wp-content\/uploads\/2025\/06\/WhatsApp-Image-2025-06-19-at-9.28.04-AM.jpeg","jetpack_sharing_enabled":true,"jetpack_likes_enabled":true,"jetpack_shortlink":"https:\/\/wp.me\/pe8dhK-1E9","_links":{"self":[{"href":"https:\/\/veracruzanosexcepcionahles.com\/index.php\/wp-json\/wp\/v2\/posts\/6333","targetHints":{"allow":["GET"]}}],"collection":[{"href":"https:\/\/veracruzanosexcepcionahles.com\/index.php\/wp-json\/wp\/v2\/posts"}],"about":[{"href":"https:\/\/veracruzanosexcepcionahles.com\/index.php\/wp-json\/wp\/v2\/types\/post"}],"author":[{"embeddable":true,"href":"https:\/\/veracruzanosexcepcionahles.com\/index.php\/wp-json\/wp\/v2\/users\/2"}],"replies":[{"embeddable":true,"href":"https:\/\/veracruzanosexcepcionahles.com\/index.php\/wp-json\/wp\/v2\/comments?post=6333"}],"version-history":[{"count":1,"href":"https:\/\/veracruzanosexcepcionahles.com\/index.php\/wp-json\/wp\/v2\/posts\/6333\/revisions"}],"predecessor-version":[{"id":6335,"href":"https:\/\/veracruzanosexcepcionahles.com\/index.php\/wp-json\/wp\/v2\/posts\/6333\/revisions\/6335"}],"wp:featuredmedia":[{"embeddable":true,"href":"https:\/\/veracruzanosexcepcionahles.com\/index.php\/wp-json\/wp\/v2\/media\/6334"}],"wp:attachment":[{"href":"https:\/\/veracruzanosexcepcionahles.com\/index.php\/wp-json\/wp\/v2\/media?parent=6333"}],"wp:term":[{"taxonomy":"category","embeddable":true,"href":"https:\/\/veracruzanosexcepcionahles.com\/index.php\/wp-json\/wp\/v2\/categories?post=6333"},{"taxonomy":"post_tag","embeddable":true,"href":"https:\/\/veracruzanosexcepcionahles.com\/index.php\/wp-json\/wp\/v2\/tags?post=6333"}],"curies":[{"name":"wp","href":"https:\/\/api.w.org\/{rel}","templated":true}]}}