{"id":6315,"date":"2025-06-18T11:31:35","date_gmt":"2025-06-18T17:31:35","guid":{"rendered":"https:\/\/veracruzanosexcepcionahles.com\/?p=6315"},"modified":"2025-06-18T11:31:37","modified_gmt":"2025-06-18T17:31:37","slug":"estudiantes-de-secundaria-se-suman-a-jornada-nacional-contra-las-adicciones","status":"publish","type":"post","link":"https:\/\/veracruzanosexcepcionahles.com\/index.php\/2025\/06\/18\/estudiantes-de-secundaria-se-suman-a-jornada-nacional-contra-las-adicciones\/","title":{"rendered":"Estudiantes de secundaria se suman a jornada nacional contra las adicciones"},"content":{"rendered":"\n<p>*Se impulsan actividades para alejar a la juventud del fentanilo y otras sustancias.<\/p>\n\n\n\n<p><strong>Xalapa, Ver., martes 17 de junio de 2025.- <\/strong>Las secretar\u00edas de Educaci\u00f3n P\u00fablica (SEP) y de Educaci\u00f3n de Veracruz (SEV), encabezaron la segunda Jornada Nacional Por la paz y contra las adicciones. El fentanilo te mata. Al\u00e9jate de las drogas. Elige ser feliz.<\/p>\n\n\n\n<p>Junto con directivos, padres de familia, estudiantes de secundaria, a trav\u00e9s de obras de teatro, peri\u00f3dicos murales, concursos de canciones y actividades deportivas, abordaron de manera integral a este problema, en especial para prevenir el consumo de fentanilo.<\/p>\n\n\n\n<p>Adem\u00e1s, se imparti\u00f3 el Taller Salud emocional en el adolescente, por parte del personal del Programa Estilos de Vida Saludable de la SEV para contribuir al bienestar.<\/p>\n\n\n\n<p>La titular de la SEV, Claudia Tello Espinosa, se\u00f1al\u00f3 que la estrategia del Gobierno federal dirige los recursos directamente para contar con una sociedad que viva en paz, y enfoca los esfuerzos en actividades culturales y art\u00edsticas que alejen a la juventud del consumo de estupefacientes.<\/p>\n\n\n\n<p>Agreg\u00f3, las escuelas deben ser espacios de promoci\u00f3n del bienestar y en ese sentido invit\u00f3 a los presentes a difundir de manera permanente esta campa\u00f1a, que cuenta con la vinculaci\u00f3n de instituciones del \u00e1mbito, de la salud y de seguridad, con un gran sentido comunitario y social.<\/p>\n\n\n\n<p>Participaron estudiantes de la Secundaria T\u00e9cnica Industrial 105, Telesecundaria Anexa a la Benem\u00e9rita Escuela Normal Veracruzana \u201cEnrique C. R\u00e9bsamen\u201d, Secundaria T\u00e9cnica Industrial 3, Secundaria General 5 \u201cManuel R. Guti\u00e9rrez\u201d y de la Telesecundaria \u201c18 de marzo\u201d.<\/p>\n\n\n\n<p>&#8212;000&#8212;<\/p>\n","protected":false},"excerpt":{"rendered":"<p>*Se impulsan actividades para alejar a la juventud del fentanilo y otras sustancias. Xalapa, Ver., martes 17 de junio de 2025.- Las secretar\u00edas de Educaci\u00f3n P\u00fablica (SEP) y de Educaci\u00f3n de Veracruz (SEV), encabezaron la segunda Jornada Nacional Por la paz y contra las adicciones. El fentanilo te mata. Al\u00e9jate de las drogas. Elige ser&#8230;<\/p>\n","protected":false},"author":2,"featured_media":6316,"comment_status":"closed","ping_status":"closed","sticky":false,"template":"","format":"standard","meta":{"_jetpack_memberships_contains_paid_content":false,"footnotes":"","jetpack_publicize_message":"","jetpack_publicize_feature_enabled":true,"jetpack_social_post_already_shared":true,"jetpack_social_options":{"image_generator_settings":{"template":"highway","default_image_id":0,"font":"","enabled":false},"version":2}},"categories":[2],"tags":[],"class_list":["post-6315","post","type-post","status-publish","format-standard","has-post-thumbnail","hentry","category-gobiernoestatal"],"jetpack_publicize_connections":[],"jetpack_featured_media_url":"https:\/\/veracruzanosexcepcionahles.com\/wp-content\/uploads\/2025\/06\/WhatsApp-Image-2025-06-17-at-4.07.02-PM.jpeg","jetpack_sharing_enabled":true,"jetpack_likes_enabled":true,"jetpack_shortlink":"https:\/\/wp.me\/pe8dhK-1DR","_links":{"self":[{"href":"https:\/\/veracruzanosexcepcionahles.com\/index.php\/wp-json\/wp\/v2\/posts\/6315","targetHints":{"allow":["GET"]}}],"collection":[{"href":"https:\/\/veracruzanosexcepcionahles.com\/index.php\/wp-json\/wp\/v2\/posts"}],"about":[{"href":"https:\/\/veracruzanosexcepcionahles.com\/index.php\/wp-json\/wp\/v2\/types\/post"}],"author":[{"embeddable":true,"href":"https:\/\/veracruzanosexcepcionahles.com\/index.php\/wp-json\/wp\/v2\/users\/2"}],"replies":[{"embeddable":true,"href":"https:\/\/veracruzanosexcepcionahles.com\/index.php\/wp-json\/wp\/v2\/comments?post=6315"}],"version-history":[{"count":1,"href":"https:\/\/veracruzanosexcepcionahles.com\/index.php\/wp-json\/wp\/v2\/posts\/6315\/revisions"}],"predecessor-version":[{"id":6317,"href":"https:\/\/veracruzanosexcepcionahles.com\/index.php\/wp-json\/wp\/v2\/posts\/6315\/revisions\/6317"}],"wp:featuredmedia":[{"embeddable":true,"href":"https:\/\/veracruzanosexcepcionahles.com\/index.php\/wp-json\/wp\/v2\/media\/6316"}],"wp:attachment":[{"href":"https:\/\/veracruzanosexcepcionahles.com\/index.php\/wp-json\/wp\/v2\/media?parent=6315"}],"wp:term":[{"taxonomy":"category","embeddable":true,"href":"https:\/\/veracruzanosexcepcionahles.com\/index.php\/wp-json\/wp\/v2\/categories?post=6315"},{"taxonomy":"post_tag","embeddable":true,"href":"https:\/\/veracruzanosexcepcionahles.com\/index.php\/wp-json\/wp\/v2\/tags?post=6315"}],"curies":[{"name":"wp","href":"https:\/\/api.w.org\/{rel}","templated":true}]}}