{"id":6309,"date":"2025-06-18T11:22:38","date_gmt":"2025-06-18T17:22:38","guid":{"rendered":"https:\/\/veracruzanosexcepcionahles.com\/?p=6309"},"modified":"2025-06-18T11:22:39","modified_gmt":"2025-06-18T17:22:39","slug":"veracruz-boca-del-rio-medellin-alvarado-y-xalapa-sin-clases-por-carnaval","status":"publish","type":"post","link":"https:\/\/veracruzanosexcepcionahles.com\/index.php\/2025\/06\/18\/veracruz-boca-del-rio-medellin-alvarado-y-xalapa-sin-clases-por-carnaval\/","title":{"rendered":"Veracruz, Boca del R\u00edo, Medell\u00edn, Alvarado y Xalapa sin clases por Carnaval"},"content":{"rendered":"\n<p><strong>Xalapa, Ver., martes 17 de junio de 2025.- <\/strong>La Secretar\u00eda de Educaci\u00f3n de Veracruz autoriz\u00f3 la suspensi\u00f3n de labores docentes y administrativas los d\u00edas lunes 30 de junio y martes 01 de julio para Veracruz, Boca del R\u00edo, Medell\u00edn, Alvarado y Xalapa, con motivo del Carnaval de Veracruz.<\/p>\n\n\n\n<p>La medida aplica para el personal del sistema estatal y federalizado adscrito a Oficinas Centrales, Delegaciones Regionales y planteles de todos los niveles educativos ubicados en dichos municipios.<\/p>\n\n\n\n<p>Esta disposici\u00f3n, emitida por la Direcci\u00f3n de Recursos Humanos, responde a una pr\u00e1ctica habitual que permite a la base trabajadora participar en una de las festividades m\u00e1s representativas de la entidad.<\/p>\n","protected":false},"excerpt":{"rendered":"<p>Xalapa, Ver., martes 17 de junio de 2025.- La Secretar\u00eda de Educaci\u00f3n de Veracruz autoriz\u00f3 la suspensi\u00f3n de labores docentes y administrativas los d\u00edas lunes 30 de junio y martes 01 de julio para Veracruz, Boca del R\u00edo, Medell\u00edn, Alvarado y Xalapa, con motivo del Carnaval de Veracruz. La medida aplica para el personal del&#8230;<\/p>\n","protected":false},"author":2,"featured_media":6310,"comment_status":"closed","ping_status":"closed","sticky":false,"template":"","format":"standard","meta":{"_jetpack_memberships_contains_paid_content":false,"footnotes":"","jetpack_publicize_message":"","jetpack_publicize_feature_enabled":true,"jetpack_social_post_already_shared":true,"jetpack_social_options":{"image_generator_settings":{"template":"highway","default_image_id":0,"font":"","enabled":false},"version":2}},"categories":[2],"tags":[],"class_list":["post-6309","post","type-post","status-publish","format-standard","has-post-thumbnail","hentry","category-gobiernoestatal"],"jetpack_publicize_connections":[],"jetpack_featured_media_url":"https:\/\/veracruzanosexcepcionahles.com\/wp-content\/uploads\/2025\/06\/WhatsApp-Image-2025-06-17-at-8.51.52-PM.jpeg","jetpack_sharing_enabled":true,"jetpack_likes_enabled":true,"jetpack_shortlink":"https:\/\/wp.me\/pe8dhK-1DL","_links":{"self":[{"href":"https:\/\/veracruzanosexcepcionahles.com\/index.php\/wp-json\/wp\/v2\/posts\/6309","targetHints":{"allow":["GET"]}}],"collection":[{"href":"https:\/\/veracruzanosexcepcionahles.com\/index.php\/wp-json\/wp\/v2\/posts"}],"about":[{"href":"https:\/\/veracruzanosexcepcionahles.com\/index.php\/wp-json\/wp\/v2\/types\/post"}],"author":[{"embeddable":true,"href":"https:\/\/veracruzanosexcepcionahles.com\/index.php\/wp-json\/wp\/v2\/users\/2"}],"replies":[{"embeddable":true,"href":"https:\/\/veracruzanosexcepcionahles.com\/index.php\/wp-json\/wp\/v2\/comments?post=6309"}],"version-history":[{"count":1,"href":"https:\/\/veracruzanosexcepcionahles.com\/index.php\/wp-json\/wp\/v2\/posts\/6309\/revisions"}],"predecessor-version":[{"id":6311,"href":"https:\/\/veracruzanosexcepcionahles.com\/index.php\/wp-json\/wp\/v2\/posts\/6309\/revisions\/6311"}],"wp:featuredmedia":[{"embeddable":true,"href":"https:\/\/veracruzanosexcepcionahles.com\/index.php\/wp-json\/wp\/v2\/media\/6310"}],"wp:attachment":[{"href":"https:\/\/veracruzanosexcepcionahles.com\/index.php\/wp-json\/wp\/v2\/media?parent=6309"}],"wp:term":[{"taxonomy":"category","embeddable":true,"href":"https:\/\/veracruzanosexcepcionahles.com\/index.php\/wp-json\/wp\/v2\/categories?post=6309"},{"taxonomy":"post_tag","embeddable":true,"href":"https:\/\/veracruzanosexcepcionahles.com\/index.php\/wp-json\/wp\/v2\/tags?post=6309"}],"curies":[{"name":"wp","href":"https:\/\/api.w.org\/{rel}","templated":true}]}}