{"id":6281,"date":"2025-06-16T16:41:07","date_gmt":"2025-06-16T22:41:07","guid":{"rendered":"https:\/\/veracruzanosexcepcionahles.com\/?p=6281"},"modified":"2025-06-16T16:41:09","modified_gmt":"2025-06-16T22:41:09","slug":"veracruz-le-desea-exito-a-la-presidenta-claudia-sheinbaum-en-el-g7-rocio-nahle","status":"publish","type":"post","link":"https:\/\/veracruzanosexcepcionahles.com\/index.php\/2025\/06\/16\/veracruz-le-desea-exito-a-la-presidenta-claudia-sheinbaum-en-el-g7-rocio-nahle\/","title":{"rendered":"Veracruz le desea \u00e9xito a la presidenta Claudia Sheinbaum en el G7: Roc\u00edo Nahle"},"content":{"rendered":"\n<figure class=\"wp-block-embed is-type-video is-provider-youtube wp-block-embed-youtube wp-embed-aspect-16-9 wp-has-aspect-ratio\"><div class=\"wp-block-embed__wrapper\">\n<iframe loading=\"lazy\" title=\"Mensaje de Roc\u00edo Nahle para Claudia Sheinbaum en la reuni\u00f3n del Grupo G-7.\" width=\"640\" height=\"360\" src=\"https:\/\/www.youtube.com\/embed\/NEcUJRFBZhE?feature=oembed\" frameborder=\"0\" allow=\"accelerometer; autoplay; clipboard-write; encrypted-media; gyroscope; picture-in-picture; web-share\" referrerpolicy=\"strict-origin-when-cross-origin\" allowfullscreen><\/iframe>\n<\/div><\/figure>\n\n\n\n<p>Xalapa, Ver., lunes 16 de junio de 2025. \u2013La gobernadora Roc\u00edo Nahle Garc\u00eda, expres\u00f3 el respaldo del pueblo veracruzano a la presidenta Claudia Sheinbaum Pardo, quien asiste a la Cumbre del Grupo de los Siete (G7) en Canad\u00e1, un espacio de di\u00e1logo clave para abordar los desaf\u00edos internacionales m\u00e1s urgentes.<\/p>\n\n\n\n<p>\u201cLe deseamos el \u00e9xito, la solidaridad y el apoyo del pueblo de Veracruz\u201d, declar\u00f3 en conferencia de prensa.<\/p>\n\n\n\n<p>Destac\u00f3 la importancia de la presencia de M\u00e9xico en este foro de alto nivel, en el que se discuten temas de geopol\u00edtica, econom\u00eda global, migraci\u00f3n, derechos humanos y estabilidad energ\u00e9tica.<\/p>\n\n\n\n<p>Subray\u00f3 que la participaci\u00f3n de la Presidenta refleja el reconocimiento internacional hacia el pa\u00eds y la relevancia que tiene su postura frente a conflictos internacionales, que repercuten en la econom\u00eda mundial y, en particular, en los precios del petr\u00f3leo y los combustibles.<\/p>\n\n\n\n<p>\u201cEn Veracruz tenemos una gran comunidad con familiares en Estados Unidos y Canad\u00e1. Lo que se discute en este tipo de encuentros impacta directamente a las familias migrantes y a la estabilidad financiera de millones de hogares\u201d, agreg\u00f3.<\/p>\n\n\n\n<p>Asimismo, resalt\u00f3 la defensa que ha hecho la Presidenta de M\u00e9xico de los derechos humanos y las libertades, con una visi\u00f3n firme y solidaria en la protecci\u00f3n de los connacionales en el extranjero.<\/p>\n\n\n\n<p>&#8212;000&#8212;<\/p>\n","protected":false},"excerpt":{"rendered":"<p>Xalapa, Ver., lunes 16 de junio de 2025. \u2013La gobernadora Roc\u00edo Nahle Garc\u00eda, expres\u00f3 el respaldo del pueblo veracruzano a la presidenta Claudia Sheinbaum Pardo, quien asiste a la Cumbre del Grupo de los Siete (G7) en Canad\u00e1, un espacio de di\u00e1logo clave para abordar los desaf\u00edos internacionales m\u00e1s urgentes. \u201cLe deseamos el \u00e9xito, la&#8230;<\/p>\n","protected":false},"author":2,"featured_media":6282,"comment_status":"closed","ping_status":"closed","sticky":false,"template":"","format":"standard","meta":{"_jetpack_memberships_contains_paid_content":false,"footnotes":"","jetpack_publicize_message":"","jetpack_publicize_feature_enabled":true,"jetpack_social_post_already_shared":true,"jetpack_social_options":{"image_generator_settings":{"template":"highway","default_image_id":0,"font":"","enabled":false},"version":2}},"categories":[23],"tags":[],"class_list":["post-6281","post","type-post","status-publish","format-standard","has-post-thumbnail","hentry","category-actividadesnahle"],"jetpack_publicize_connections":[],"jetpack_featured_media_url":"https:\/\/veracruzanosexcepcionahles.com\/wp-content\/uploads\/2025\/06\/Captura-de-pantalla-2025-06-16-164033.jpg","jetpack_sharing_enabled":true,"jetpack_likes_enabled":true,"jetpack_shortlink":"https:\/\/wp.me\/pe8dhK-1Dj","_links":{"self":[{"href":"https:\/\/veracruzanosexcepcionahles.com\/index.php\/wp-json\/wp\/v2\/posts\/6281","targetHints":{"allow":["GET"]}}],"collection":[{"href":"https:\/\/veracruzanosexcepcionahles.com\/index.php\/wp-json\/wp\/v2\/posts"}],"about":[{"href":"https:\/\/veracruzanosexcepcionahles.com\/index.php\/wp-json\/wp\/v2\/types\/post"}],"author":[{"embeddable":true,"href":"https:\/\/veracruzanosexcepcionahles.com\/index.php\/wp-json\/wp\/v2\/users\/2"}],"replies":[{"embeddable":true,"href":"https:\/\/veracruzanosexcepcionahles.com\/index.php\/wp-json\/wp\/v2\/comments?post=6281"}],"version-history":[{"count":1,"href":"https:\/\/veracruzanosexcepcionahles.com\/index.php\/wp-json\/wp\/v2\/posts\/6281\/revisions"}],"predecessor-version":[{"id":6283,"href":"https:\/\/veracruzanosexcepcionahles.com\/index.php\/wp-json\/wp\/v2\/posts\/6281\/revisions\/6283"}],"wp:featuredmedia":[{"embeddable":true,"href":"https:\/\/veracruzanosexcepcionahles.com\/index.php\/wp-json\/wp\/v2\/media\/6282"}],"wp:attachment":[{"href":"https:\/\/veracruzanosexcepcionahles.com\/index.php\/wp-json\/wp\/v2\/media?parent=6281"}],"wp:term":[{"taxonomy":"category","embeddable":true,"href":"https:\/\/veracruzanosexcepcionahles.com\/index.php\/wp-json\/wp\/v2\/categories?post=6281"},{"taxonomy":"post_tag","embeddable":true,"href":"https:\/\/veracruzanosexcepcionahles.com\/index.php\/wp-json\/wp\/v2\/tags?post=6281"}],"curies":[{"name":"wp","href":"https:\/\/api.w.org\/{rel}","templated":true}]}}