{"id":6271,"date":"2025-06-12T16:19:09","date_gmt":"2025-06-12T22:19:09","guid":{"rendered":"https:\/\/veracruzanosexcepcionahles.com\/?p=6271"},"modified":"2025-06-12T16:19:10","modified_gmt":"2025-06-12T22:19:10","slug":"programa-apoyo-a-la-palabra-arrancara-en-112-municipios-rocio-nahle","status":"publish","type":"post","link":"https:\/\/veracruzanosexcepcionahles.com\/index.php\/2025\/06\/12\/programa-apoyo-a-la-palabra-arrancara-en-112-municipios-rocio-nahle\/","title":{"rendered":"Programa Apoyo a la Palabra arrancar\u00e1 en 112 municipios: Roc\u00edo Nahle"},"content":{"rendered":"\n<p>*Contar\u00e1 con una inversi\u00f3n inicial de 100 mdp.<\/p>\n\n\n\n<p>Boca del R\u00edo, Ver., jueves 12 de junio de 2025.\u2013 La gobernadora Roc\u00edo Nahle Garc\u00eda, anunci\u00f3 que el pr\u00f3ximo 25 de junio dar\u00e1 inicio el programa Apoyo a la Palabra \u2013 Plan M\u00e9xico en 112 municipios, con \u00e9nfasis en las regiones de mayor vulnerabilidad social, donde emprendedoras y emprendedores han solicitado respaldo para fortalecer o poner en marcha sus negocios.<\/p>\n\n\n\n<p>Coordinado por la Secretar\u00eda de Desarrollo Social (Sedesol), el programa contempla una inversi\u00f3n inicial de 100 millones de pesos, y se prev\u00e9 una segunda etapa para extender su cobertura a otros 100 municipios en una fase posterior.<\/p>\n\n\n\n<p>\u201cEste es un compromiso que asumimos y representa un apoyo directo para todas y todos. Vamos a estar donde m\u00e1s se necesita\u201d, expres\u00f3 la Mandataria en un mensaje, acompa\u00f1ada por la titular de Sedesol, Margarita Santopietro Peralta, y la subsecretaria de Desarrollo Regional, Eusebia Cort\u00e9s P\u00e9rez, a quienes encomend\u00f3 dar seguimiento puntual y garantizar la correcta implementaci\u00f3n de este esfuerzo.<\/p>\n\n\n\n<p>&#8212;000&#8212;<\/p>\n","protected":false},"excerpt":{"rendered":"<p>*Contar\u00e1 con una inversi\u00f3n inicial de 100 mdp. Boca del R\u00edo, Ver., jueves 12 de junio de 2025.\u2013 La gobernadora Roc\u00edo Nahle Garc\u00eda, anunci\u00f3 que el pr\u00f3ximo 25 de junio dar\u00e1 inicio el programa Apoyo a la Palabra \u2013 Plan M\u00e9xico en 112 municipios, con \u00e9nfasis en las regiones de mayor vulnerabilidad social, donde emprendedoras&#8230;<\/p>\n","protected":false},"author":2,"featured_media":6272,"comment_status":"closed","ping_status":"closed","sticky":false,"template":"","format":"standard","meta":{"_jetpack_memberships_contains_paid_content":false,"footnotes":"","jetpack_publicize_message":"","jetpack_publicize_feature_enabled":true,"jetpack_social_post_already_shared":true,"jetpack_social_options":{"image_generator_settings":{"template":"highway","default_image_id":0,"font":"","enabled":false},"version":2}},"categories":[23],"tags":[],"class_list":["post-6271","post","type-post","status-publish","format-standard","has-post-thumbnail","hentry","category-actividadesnahle"],"jetpack_publicize_connections":[],"jetpack_featured_media_url":"https:\/\/veracruzanosexcepcionahles.com\/wp-content\/uploads\/2025\/06\/Captura-de-pantalla-2025-06-12-161511.jpg","jetpack_sharing_enabled":true,"jetpack_likes_enabled":true,"jetpack_shortlink":"https:\/\/wp.me\/pe8dhK-1D9","_links":{"self":[{"href":"https:\/\/veracruzanosexcepcionahles.com\/index.php\/wp-json\/wp\/v2\/posts\/6271","targetHints":{"allow":["GET"]}}],"collection":[{"href":"https:\/\/veracruzanosexcepcionahles.com\/index.php\/wp-json\/wp\/v2\/posts"}],"about":[{"href":"https:\/\/veracruzanosexcepcionahles.com\/index.php\/wp-json\/wp\/v2\/types\/post"}],"author":[{"embeddable":true,"href":"https:\/\/veracruzanosexcepcionahles.com\/index.php\/wp-json\/wp\/v2\/users\/2"}],"replies":[{"embeddable":true,"href":"https:\/\/veracruzanosexcepcionahles.com\/index.php\/wp-json\/wp\/v2\/comments?post=6271"}],"version-history":[{"count":1,"href":"https:\/\/veracruzanosexcepcionahles.com\/index.php\/wp-json\/wp\/v2\/posts\/6271\/revisions"}],"predecessor-version":[{"id":6273,"href":"https:\/\/veracruzanosexcepcionahles.com\/index.php\/wp-json\/wp\/v2\/posts\/6271\/revisions\/6273"}],"wp:featuredmedia":[{"embeddable":true,"href":"https:\/\/veracruzanosexcepcionahles.com\/index.php\/wp-json\/wp\/v2\/media\/6272"}],"wp:attachment":[{"href":"https:\/\/veracruzanosexcepcionahles.com\/index.php\/wp-json\/wp\/v2\/media?parent=6271"}],"wp:term":[{"taxonomy":"category","embeddable":true,"href":"https:\/\/veracruzanosexcepcionahles.com\/index.php\/wp-json\/wp\/v2\/categories?post=6271"},{"taxonomy":"post_tag","embeddable":true,"href":"https:\/\/veracruzanosexcepcionahles.com\/index.php\/wp-json\/wp\/v2\/tags?post=6271"}],"curies":[{"name":"wp","href":"https:\/\/api.w.org\/{rel}","templated":true}]}}