{"id":6260,"date":"2025-06-11T12:30:04","date_gmt":"2025-06-11T18:30:04","guid":{"rendered":"https:\/\/veracruzanosexcepcionahles.com\/?p=6260"},"modified":"2025-06-11T12:30:06","modified_gmt":"2025-06-11T18:30:06","slug":"veracruz-inicia-con-fuerza-en-el-voleibol-de-playa-de-la-olimpiada-nacional","status":"publish","type":"post","link":"https:\/\/veracruzanosexcepcionahles.com\/index.php\/2025\/06\/11\/veracruz-inicia-con-fuerza-en-el-voleibol-de-playa-de-la-olimpiada-nacional\/","title":{"rendered":"Veracruz inicia con fuerza en el voleibol de playa de la Olimpiada Nacional"},"content":{"rendered":"\n<p>Manzanillo, Col., mi\u00e9rcoles 11 de junio de 2025.- La delegaci\u00f3n veracruzana de voleibol de playa tuvo un prometedor debut en la Olimpiada Nacional 2025, mostrando garra y determinaci\u00f3n en sus primeros encuentros.<\/p>\n\n\n\n<p>En la categor\u00eda femenil juvenil menor (2008-2009), venci\u00f3 a Tamaulipas con un marcador de 21-10 y 21-17. Las atletas veracruzanas exhibieron un juego coordinado y efectivo desde el inicio.<\/p>\n\n\n\n<p>De igual forma, en la categor\u00eda femenil juvenil superior, Veracruz reafirm\u00f3 su buen desempe\u00f1o al superar a Baja California Sur con parciales de 21-11 y 21-17, consolidando as\u00ed un arranque invicto.<\/p>\n\n\n\n<p>La categor\u00eda varonil juvenil menor (2008-2009) tuvo una jornada de resultados mixtos. Comenzaron con una s\u00f3lida victoria sobre Campeche por 21-16 y 21-18, mostrando su potencial en la arena.<\/p>\n\n\n\n<p>Sin embargo, en un re\u00f1ido segundo encuentro, cayeron ante el anfitri\u00f3n, Colima, con un apretado marcador de 22-24 y 17-21, lo que deja ver la competitividad de la justa.<\/p>\n\n\n\n<p>Finalmente, en la categor\u00eda varonil juvenil superior, el equipo de Veracruz se enfrent\u00f3 a un fuerte rival, Jalisco, cayendo con parciales de 15-21 y 12-21. A pesar de la derrota, los atletas veracruzanos mostraron entrega en cada punto.<\/p>\n\n\n\n<p>En esta primera jornada lucharon con pasi\u00f3n en cada set: Alejandro Rodr\u00edguez Barrios, Melina Rom\u00e1n Hern\u00e1ndez, Christian Gustavo Tejeda Mart\u00ednez, Rafael Flores T\u00e9llez, \u00d3scar Emmanuel Mares M\u00e1rquez, Giselle Eunice Chay \u00c1lvarez, Vanessa Anaid Chay \u00c1lvarez y Jocelyn Contreras S\u00e1nchez.<\/p>\n\n\n\n<p>La delegaci\u00f3n de Veracruz continuar\u00e1 compitiendo en los pr\u00f3ximos d\u00edas, con el objetivo de sumar m\u00e1s victorias y alcanzar los puestos de honor en esta importante justa deportiva nacional.<\/p>\n\n\n\n<p>&#8212;000&#8212;<\/p>\n","protected":false},"excerpt":{"rendered":"<p>Manzanillo, Col., mi\u00e9rcoles 11 de junio de 2025.- La delegaci\u00f3n veracruzana de voleibol de playa tuvo un prometedor debut en la Olimpiada Nacional 2025, mostrando garra y determinaci\u00f3n en sus primeros encuentros. En la categor\u00eda femenil juvenil menor (2008-2009), venci\u00f3 a Tamaulipas con un marcador de 21-10 y 21-17. Las atletas veracruzanas exhibieron un juego&#8230;<\/p>\n","protected":false},"author":2,"featured_media":6261,"comment_status":"closed","ping_status":"closed","sticky":false,"template":"","format":"standard","meta":{"_jetpack_memberships_contains_paid_content":false,"footnotes":"","jetpack_publicize_message":"","jetpack_publicize_feature_enabled":true,"jetpack_social_post_already_shared":true,"jetpack_social_options":{"image_generator_settings":{"template":"highway","default_image_id":0,"font":"","enabled":false},"version":2}},"categories":[2],"tags":[],"class_list":["post-6260","post","type-post","status-publish","format-standard","has-post-thumbnail","hentry","category-gobiernoestatal"],"jetpack_publicize_connections":[],"jetpack_featured_media_url":"https:\/\/veracruzanosexcepcionahles.com\/wp-content\/uploads\/2025\/06\/WhatsApp-Image-2025-06-11-at-10.28.37-AM.jpeg","jetpack_sharing_enabled":true,"jetpack_likes_enabled":true,"jetpack_shortlink":"https:\/\/wp.me\/pe8dhK-1CY","_links":{"self":[{"href":"https:\/\/veracruzanosexcepcionahles.com\/index.php\/wp-json\/wp\/v2\/posts\/6260","targetHints":{"allow":["GET"]}}],"collection":[{"href":"https:\/\/veracruzanosexcepcionahles.com\/index.php\/wp-json\/wp\/v2\/posts"}],"about":[{"href":"https:\/\/veracruzanosexcepcionahles.com\/index.php\/wp-json\/wp\/v2\/types\/post"}],"author":[{"embeddable":true,"href":"https:\/\/veracruzanosexcepcionahles.com\/index.php\/wp-json\/wp\/v2\/users\/2"}],"replies":[{"embeddable":true,"href":"https:\/\/veracruzanosexcepcionahles.com\/index.php\/wp-json\/wp\/v2\/comments?post=6260"}],"version-history":[{"count":1,"href":"https:\/\/veracruzanosexcepcionahles.com\/index.php\/wp-json\/wp\/v2\/posts\/6260\/revisions"}],"predecessor-version":[{"id":6262,"href":"https:\/\/veracruzanosexcepcionahles.com\/index.php\/wp-json\/wp\/v2\/posts\/6260\/revisions\/6262"}],"wp:featuredmedia":[{"embeddable":true,"href":"https:\/\/veracruzanosexcepcionahles.com\/index.php\/wp-json\/wp\/v2\/media\/6261"}],"wp:attachment":[{"href":"https:\/\/veracruzanosexcepcionahles.com\/index.php\/wp-json\/wp\/v2\/media?parent=6260"}],"wp:term":[{"taxonomy":"category","embeddable":true,"href":"https:\/\/veracruzanosexcepcionahles.com\/index.php\/wp-json\/wp\/v2\/categories?post=6260"},{"taxonomy":"post_tag","embeddable":true,"href":"https:\/\/veracruzanosexcepcionahles.com\/index.php\/wp-json\/wp\/v2\/tags?post=6260"}],"curies":[{"name":"wp","href":"https:\/\/api.w.org\/{rel}","templated":true}]}}