{"id":6257,"date":"2025-06-11T12:15:36","date_gmt":"2025-06-11T18:15:36","guid":{"rendered":"https:\/\/veracruzanosexcepcionahles.com\/?p=6257"},"modified":"2025-06-11T12:15:36","modified_gmt":"2025-06-11T18:15:36","slug":"veracruz-capacita-a-funcionariado-para-garantizar-igualdad-y-prevenir-discriminacion","status":"publish","type":"post","link":"https:\/\/veracruzanosexcepcionahles.com\/index.php\/2025\/06\/11\/veracruz-capacita-a-funcionariado-para-garantizar-igualdad-y-prevenir-discriminacion\/","title":{"rendered":"Veracruz capacita a funcionariado para garantizar igualdad y prevenir discriminaci\u00f3n"},"content":{"rendered":"\n<p>*Abordan feminicidio y violencia digital en simposio de perspectiva de g\u00e9nero.<\/p>\n\n\n\n<p>Xalapa, Ver., mi\u00e9rcoles 11 de junio de 2025.- Para fortalecer la capacitaci\u00f3n de las y los servidores p\u00fablicos en igualdad y no discriminaci\u00f3n, la Secretar\u00eda de Finanzas y Planeaci\u00f3n en coordinaci\u00f3n con el Sistema Estatal Desarrollo Integral de la Familia, realiz\u00f3 el simposio Formaci\u00f3n sobre perspectiva de g\u00e9nero, dirigido a las unidades de G\u00e9nero de la administraci\u00f3n p\u00fablica.<\/p>\n\n\n\n<p>M\u00e1s de 170 personas participaron en conferencias y mesas de trabajo centradas en el an\u00e1lisis de protocolos institucionales como la ruta de atenci\u00f3n al acoso, la violencia digital y medi\u00e1tica, as\u00ed como los servicios que ofrece el Centro de Justicia para las Mujeres.<\/p>\n\n\n\n<p>Abordaron temas como el feminicidio y el programa Veracruzana Protegida, impulsado por el Poder Judicial en colaboraci\u00f3n con la Secretar\u00eda de Seguridad P\u00fablica el cual ofrece acompa\u00f1amiento y protecci\u00f3n efectiva a mujeres en situaci\u00f3n de riesgo.<\/p>\n\n\n\n<p>La Subdirecci\u00f3n de Servicio P\u00fablico de Carrera promovi\u00f3 la reflexi\u00f3n sobre la incorporaci\u00f3n transversal de la perspectiva de g\u00e9nero en las pol\u00edticas p\u00fablicas, reafirmando el compromiso del gobierno estatal con una administraci\u00f3n m\u00e1s justa, incluyente y libre de violencia.<\/p>\n","protected":false},"excerpt":{"rendered":"<p>*Abordan feminicidio y violencia digital en simposio de perspectiva de g\u00e9nero. Xalapa, Ver., mi\u00e9rcoles 11 de junio de 2025.- Para fortalecer la capacitaci\u00f3n de las y los servidores p\u00fablicos en igualdad y no discriminaci\u00f3n, la Secretar\u00eda de Finanzas y Planeaci\u00f3n en coordinaci\u00f3n con el Sistema Estatal Desarrollo Integral de la Familia, realiz\u00f3 el simposio Formaci\u00f3n&#8230;<\/p>\n","protected":false},"author":2,"featured_media":6258,"comment_status":"closed","ping_status":"closed","sticky":false,"template":"","format":"standard","meta":{"_jetpack_memberships_contains_paid_content":false,"footnotes":"","jetpack_publicize_message":"","jetpack_publicize_feature_enabled":true,"jetpack_social_post_already_shared":true,"jetpack_social_options":{"image_generator_settings":{"template":"highway","default_image_id":0,"font":"","enabled":false},"version":2}},"categories":[2],"tags":[],"class_list":["post-6257","post","type-post","status-publish","format-standard","has-post-thumbnail","hentry","category-gobiernoestatal"],"jetpack_publicize_connections":[],"jetpack_featured_media_url":"https:\/\/veracruzanosexcepcionahles.com\/wp-content\/uploads\/2025\/06\/WhatsApp-Image-2025-06-11-at-10.32.58-AM-scaled.jpeg","jetpack_sharing_enabled":true,"jetpack_likes_enabled":true,"jetpack_shortlink":"https:\/\/wp.me\/pe8dhK-1CV","_links":{"self":[{"href":"https:\/\/veracruzanosexcepcionahles.com\/index.php\/wp-json\/wp\/v2\/posts\/6257","targetHints":{"allow":["GET"]}}],"collection":[{"href":"https:\/\/veracruzanosexcepcionahles.com\/index.php\/wp-json\/wp\/v2\/posts"}],"about":[{"href":"https:\/\/veracruzanosexcepcionahles.com\/index.php\/wp-json\/wp\/v2\/types\/post"}],"author":[{"embeddable":true,"href":"https:\/\/veracruzanosexcepcionahles.com\/index.php\/wp-json\/wp\/v2\/users\/2"}],"replies":[{"embeddable":true,"href":"https:\/\/veracruzanosexcepcionahles.com\/index.php\/wp-json\/wp\/v2\/comments?post=6257"}],"version-history":[{"count":1,"href":"https:\/\/veracruzanosexcepcionahles.com\/index.php\/wp-json\/wp\/v2\/posts\/6257\/revisions"}],"predecessor-version":[{"id":6259,"href":"https:\/\/veracruzanosexcepcionahles.com\/index.php\/wp-json\/wp\/v2\/posts\/6257\/revisions\/6259"}],"wp:featuredmedia":[{"embeddable":true,"href":"https:\/\/veracruzanosexcepcionahles.com\/index.php\/wp-json\/wp\/v2\/media\/6258"}],"wp:attachment":[{"href":"https:\/\/veracruzanosexcepcionahles.com\/index.php\/wp-json\/wp\/v2\/media?parent=6257"}],"wp:term":[{"taxonomy":"category","embeddable":true,"href":"https:\/\/veracruzanosexcepcionahles.com\/index.php\/wp-json\/wp\/v2\/categories?post=6257"},{"taxonomy":"post_tag","embeddable":true,"href":"https:\/\/veracruzanosexcepcionahles.com\/index.php\/wp-json\/wp\/v2\/tags?post=6257"}],"curies":[{"name":"wp","href":"https:\/\/api.w.org\/{rel}","templated":true}]}}