{"id":6239,"date":"2025-06-10T17:43:42","date_gmt":"2025-06-10T23:43:42","guid":{"rendered":"https:\/\/veracruzanosexcepcionahles.com\/?p=6239"},"modified":"2025-06-10T17:43:44","modified_gmt":"2025-06-10T23:43:44","slug":"instalan-comision-para-formacion-de-profesionales-de-la-salud-en-veracruz","status":"publish","type":"post","link":"https:\/\/veracruzanosexcepcionahles.com\/index.php\/2025\/06\/10\/instalan-comision-para-formacion-de-profesionales-de-la-salud-en-veracruz\/","title":{"rendered":"Instalan Comisi\u00f3n para formaci\u00f3n de profesionales de la Salud en Veracruz"},"content":{"rendered":"\n<p>*\u00d3rgano de consulta y asesor\u00eda entre instituciones educativas y sanitarias.<\/p>\n\n\n\n<p>Xalapa, Ver., martes 10 de junio de 2025.- Con el objetivo de fortalecer la formaci\u00f3n y capacitaci\u00f3n de personal m\u00e9dico y enfermer\u00eda, la Secretar\u00eda de Salud instal\u00f3 la Comisi\u00f3n Interinstitucional para la Formaci\u00f3n y Capacitaci\u00f3n de Recursos Humanos e Investigaci\u00f3n en Salud del Estado de Veracruz, y celebr\u00f3 su primera sesi\u00f3n oficial.<\/p>\n\n\n\n<p>Esta Comisi\u00f3n tiene como mandato impulsar la formaci\u00f3n de recursos humanos que respondan con \u00e9tica, compromiso y alta especializaci\u00f3n a las necesidades del sistema estatal de salud, siempre en beneficio del pueblo veracruzano.<\/p>\n\n\n\n<p>Funcionar\u00e1 como \u00f3rgano de consulta y asesor\u00eda t\u00e9cnica entre las instituciones de los sectores educativo y de salud, fomentando la coordinaci\u00f3n efectiva entre ambas para garantizar un proceso integral de formaci\u00f3n de profesionales sanitarios.<\/p>\n\n\n\n<p>Se contempla la creaci\u00f3n de subcomisiones que abordar\u00e1n distintas \u00e1reas de profesionalizaci\u00f3n, adem\u00e1s de promover la capacitaci\u00f3n permanente del personal mediante programas y estrategias dise\u00f1adas de manera conjunta.<\/p>\n\n\n\n<p>El titular de la dependencia, Valent\u00edn Herrera Alarc\u00f3n, destac\u00f3 la importancia de construir espacios que permitan el crecimiento profesional del personal sanitario, con un enfoque basado en la vocaci\u00f3n, la responsabilidad y la preparaci\u00f3n continua.<\/p>\n\n\n\n<p>La Comisi\u00f3n Interinstitucional est\u00e1 conformada por representantes de las secretar\u00edas de Salud, Educaci\u00f3n, Desarrollo Social y Finanzas y Planeaci\u00f3n, as\u00ed como del IMSS, ISSSTE, IMSS-BIENESTAR, Hospital Naval Norte y Sur, DIF Estatal y la UV.<\/p>\n","protected":false},"excerpt":{"rendered":"<p>*\u00d3rgano de consulta y asesor\u00eda entre instituciones educativas y sanitarias. Xalapa, Ver., martes 10 de junio de 2025.- Con el objetivo de fortalecer la formaci\u00f3n y capacitaci\u00f3n de personal m\u00e9dico y enfermer\u00eda, la Secretar\u00eda de Salud instal\u00f3 la Comisi\u00f3n Interinstitucional para la Formaci\u00f3n y Capacitaci\u00f3n de Recursos Humanos e Investigaci\u00f3n en Salud del Estado de&#8230;<\/p>\n","protected":false},"author":2,"featured_media":6240,"comment_status":"closed","ping_status":"closed","sticky":false,"template":"","format":"standard","meta":{"_jetpack_memberships_contains_paid_content":false,"footnotes":"","jetpack_publicize_message":"","jetpack_publicize_feature_enabled":true,"jetpack_social_post_already_shared":true,"jetpack_social_options":{"image_generator_settings":{"template":"highway","default_image_id":0,"font":"","enabled":false},"version":2}},"categories":[2],"tags":[],"class_list":["post-6239","post","type-post","status-publish","format-standard","has-post-thumbnail","hentry","category-gobiernoestatal"],"jetpack_publicize_connections":[],"jetpack_featured_media_url":"https:\/\/veracruzanosexcepcionahles.com\/wp-content\/uploads\/2025\/06\/WhatsApp-Image-2025-06-10-at-5.39.29-PM.jpeg","jetpack_sharing_enabled":true,"jetpack_likes_enabled":true,"jetpack_shortlink":"https:\/\/wp.me\/pe8dhK-1CD","_links":{"self":[{"href":"https:\/\/veracruzanosexcepcionahles.com\/index.php\/wp-json\/wp\/v2\/posts\/6239","targetHints":{"allow":["GET"]}}],"collection":[{"href":"https:\/\/veracruzanosexcepcionahles.com\/index.php\/wp-json\/wp\/v2\/posts"}],"about":[{"href":"https:\/\/veracruzanosexcepcionahles.com\/index.php\/wp-json\/wp\/v2\/types\/post"}],"author":[{"embeddable":true,"href":"https:\/\/veracruzanosexcepcionahles.com\/index.php\/wp-json\/wp\/v2\/users\/2"}],"replies":[{"embeddable":true,"href":"https:\/\/veracruzanosexcepcionahles.com\/index.php\/wp-json\/wp\/v2\/comments?post=6239"}],"version-history":[{"count":1,"href":"https:\/\/veracruzanosexcepcionahles.com\/index.php\/wp-json\/wp\/v2\/posts\/6239\/revisions"}],"predecessor-version":[{"id":6241,"href":"https:\/\/veracruzanosexcepcionahles.com\/index.php\/wp-json\/wp\/v2\/posts\/6239\/revisions\/6241"}],"wp:featuredmedia":[{"embeddable":true,"href":"https:\/\/veracruzanosexcepcionahles.com\/index.php\/wp-json\/wp\/v2\/media\/6240"}],"wp:attachment":[{"href":"https:\/\/veracruzanosexcepcionahles.com\/index.php\/wp-json\/wp\/v2\/media?parent=6239"}],"wp:term":[{"taxonomy":"category","embeddable":true,"href":"https:\/\/veracruzanosexcepcionahles.com\/index.php\/wp-json\/wp\/v2\/categories?post=6239"},{"taxonomy":"post_tag","embeddable":true,"href":"https:\/\/veracruzanosexcepcionahles.com\/index.php\/wp-json\/wp\/v2\/tags?post=6239"}],"curies":[{"name":"wp","href":"https:\/\/api.w.org\/{rel}","templated":true}]}}