{"id":5992,"date":"2025-05-07T13:58:10","date_gmt":"2025-05-07T19:58:10","guid":{"rendered":"https:\/\/veracruzanosexcepcionahles.com\/?p=5992"},"modified":"2025-05-07T13:58:11","modified_gmt":"2025-05-07T19:58:11","slug":"evaluan-avances-educativos-gobierno-de-veracruz-y-comunidad-escolar","status":"publish","type":"post","link":"https:\/\/veracruzanosexcepcionahles.com\/index.php\/2025\/05\/07\/evaluan-avances-educativos-gobierno-de-veracruz-y-comunidad-escolar\/","title":{"rendered":"Eval\u00faan avances educativos, Gobierno de Veracruz y comunidad escolar"},"content":{"rendered":"\n<p>*En las aulas, la autoridad son las maestras y maestros.<\/p>\n\n\n\n<figure class=\"wp-block-gallery has-nested-images columns-default is-cropped wp-block-gallery-1 is-layout-flex wp-block-gallery-is-layout-flex\">\n<figure class=\"wp-block-image size-large\"><img loading=\"lazy\" decoding=\"async\" width=\"1024\" height=\"683\" data-id=\"6001\" src=\"https:\/\/veracruzanosexcepcionahles.com\/wp-content\/uploads\/2025\/05\/WhatsApp-Image-2025-05-07-at-1.36.54-PM-1-1024x683.jpeg\" alt=\"\" class=\"wp-image-6001\" srcset=\"https:\/\/veracruzanosexcepcionahles.com\/wp-content\/uploads\/2025\/05\/WhatsApp-Image-2025-05-07-at-1.36.54-PM-1-1024x683.jpeg 1024w, https:\/\/veracruzanosexcepcionahles.com\/wp-content\/uploads\/2025\/05\/WhatsApp-Image-2025-05-07-at-1.36.54-PM-1-300x200.jpeg 300w, https:\/\/veracruzanosexcepcionahles.com\/wp-content\/uploads\/2025\/05\/WhatsApp-Image-2025-05-07-at-1.36.54-PM-1-768x512.jpeg 768w, https:\/\/veracruzanosexcepcionahles.com\/wp-content\/uploads\/2025\/05\/WhatsApp-Image-2025-05-07-at-1.36.54-PM-1-1536x1024.jpeg 1536w, https:\/\/veracruzanosexcepcionahles.com\/wp-content\/uploads\/2025\/05\/WhatsApp-Image-2025-05-07-at-1.36.54-PM-1-2048x1366.jpeg 2048w, https:\/\/veracruzanosexcepcionahles.com\/wp-content\/uploads\/2025\/05\/WhatsApp-Image-2025-05-07-at-1.36.54-PM-1-600x400.jpeg 600w\" sizes=\"auto, (max-width: 1024px) 100vw, 1024px\" \/><\/figure>\n\n\n\n<figure class=\"wp-block-image size-large\"><img loading=\"lazy\" decoding=\"async\" width=\"1024\" height=\"683\" data-id=\"6002\" src=\"https:\/\/veracruzanosexcepcionahles.com\/wp-content\/uploads\/2025\/05\/WhatsApp-Image-2025-05-07-at-1.36.48-PM-1-1024x683.jpeg\" alt=\"\" class=\"wp-image-6002\" srcset=\"https:\/\/veracruzanosexcepcionahles.com\/wp-content\/uploads\/2025\/05\/WhatsApp-Image-2025-05-07-at-1.36.48-PM-1-1024x683.jpeg 1024w, https:\/\/veracruzanosexcepcionahles.com\/wp-content\/uploads\/2025\/05\/WhatsApp-Image-2025-05-07-at-1.36.48-PM-1-300x200.jpeg 300w, https:\/\/veracruzanosexcepcionahles.com\/wp-content\/uploads\/2025\/05\/WhatsApp-Image-2025-05-07-at-1.36.48-PM-1-768x512.jpeg 768w, https:\/\/veracruzanosexcepcionahles.com\/wp-content\/uploads\/2025\/05\/WhatsApp-Image-2025-05-07-at-1.36.48-PM-1-1536x1024.jpeg 1536w, https:\/\/veracruzanosexcepcionahles.com\/wp-content\/uploads\/2025\/05\/WhatsApp-Image-2025-05-07-at-1.36.48-PM-1-2048x1365.jpeg 2048w, https:\/\/veracruzanosexcepcionahles.com\/wp-content\/uploads\/2025\/05\/WhatsApp-Image-2025-05-07-at-1.36.48-PM-1-600x400.jpeg 600w\" sizes=\"auto, (max-width: 1024px) 100vw, 1024px\" \/><\/figure>\n\n\n\n<figure class=\"wp-block-image size-large\"><img loading=\"lazy\" decoding=\"async\" width=\"1024\" height=\"683\" data-id=\"6003\" src=\"https:\/\/veracruzanosexcepcionahles.com\/wp-content\/uploads\/2025\/05\/WhatsApp-Image-2025-05-07-at-1.36.47-PM-1-1024x683.jpeg\" alt=\"\" class=\"wp-image-6003\" srcset=\"https:\/\/veracruzanosexcepcionahles.com\/wp-content\/uploads\/2025\/05\/WhatsApp-Image-2025-05-07-at-1.36.47-PM-1-1024x683.jpeg 1024w, https:\/\/veracruzanosexcepcionahles.com\/wp-content\/uploads\/2025\/05\/WhatsApp-Image-2025-05-07-at-1.36.47-PM-1-300x200.jpeg 300w, https:\/\/veracruzanosexcepcionahles.com\/wp-content\/uploads\/2025\/05\/WhatsApp-Image-2025-05-07-at-1.36.47-PM-1-768x512.jpeg 768w, https:\/\/veracruzanosexcepcionahles.com\/wp-content\/uploads\/2025\/05\/WhatsApp-Image-2025-05-07-at-1.36.47-PM-1-1536x1024.jpeg 1536w, https:\/\/veracruzanosexcepcionahles.com\/wp-content\/uploads\/2025\/05\/WhatsApp-Image-2025-05-07-at-1.36.47-PM-1-2048x1365.jpeg 2048w, https:\/\/veracruzanosexcepcionahles.com\/wp-content\/uploads\/2025\/05\/WhatsApp-Image-2025-05-07-at-1.36.47-PM-1-600x400.jpeg 600w\" sizes=\"auto, (max-width: 1024px) 100vw, 1024px\" \/><\/figure>\n\n\n\n<figure class=\"wp-block-image size-large\"><img loading=\"lazy\" decoding=\"async\" width=\"1024\" height=\"683\" data-id=\"6004\" src=\"https:\/\/veracruzanosexcepcionahles.com\/wp-content\/uploads\/2025\/05\/WhatsApp-Image-2025-05-07-at-1.36.46-PM-1-1024x683.jpeg\" alt=\"\" class=\"wp-image-6004\" srcset=\"https:\/\/veracruzanosexcepcionahles.com\/wp-content\/uploads\/2025\/05\/WhatsApp-Image-2025-05-07-at-1.36.46-PM-1-1024x683.jpeg 1024w, https:\/\/veracruzanosexcepcionahles.com\/wp-content\/uploads\/2025\/05\/WhatsApp-Image-2025-05-07-at-1.36.46-PM-1-300x200.jpeg 300w, https:\/\/veracruzanosexcepcionahles.com\/wp-content\/uploads\/2025\/05\/WhatsApp-Image-2025-05-07-at-1.36.46-PM-1-768x512.jpeg 768w, https:\/\/veracruzanosexcepcionahles.com\/wp-content\/uploads\/2025\/05\/WhatsApp-Image-2025-05-07-at-1.36.46-PM-1-1536x1024.jpeg 1536w, https:\/\/veracruzanosexcepcionahles.com\/wp-content\/uploads\/2025\/05\/WhatsApp-Image-2025-05-07-at-1.36.46-PM-1-2048x1365.jpeg 2048w, https:\/\/veracruzanosexcepcionahles.com\/wp-content\/uploads\/2025\/05\/WhatsApp-Image-2025-05-07-at-1.36.46-PM-1-600x400.jpeg 600w\" sizes=\"auto, (max-width: 1024px) 100vw, 1024px\" \/><\/figure>\n\n\n\n<figure class=\"wp-block-image size-large\"><img loading=\"lazy\" decoding=\"async\" width=\"1024\" height=\"683\" data-id=\"6005\" src=\"https:\/\/veracruzanosexcepcionahles.com\/wp-content\/uploads\/2025\/05\/WhatsApp-Image-2025-05-07-at-1.36.44-PM-1-1024x683.jpeg\" alt=\"\" class=\"wp-image-6005\" srcset=\"https:\/\/veracruzanosexcepcionahles.com\/wp-content\/uploads\/2025\/05\/WhatsApp-Image-2025-05-07-at-1.36.44-PM-1-1024x683.jpeg 1024w, https:\/\/veracruzanosexcepcionahles.com\/wp-content\/uploads\/2025\/05\/WhatsApp-Image-2025-05-07-at-1.36.44-PM-1-300x200.jpeg 300w, https:\/\/veracruzanosexcepcionahles.com\/wp-content\/uploads\/2025\/05\/WhatsApp-Image-2025-05-07-at-1.36.44-PM-1-768x512.jpeg 768w, https:\/\/veracruzanosexcepcionahles.com\/wp-content\/uploads\/2025\/05\/WhatsApp-Image-2025-05-07-at-1.36.44-PM-1-1536x1024.jpeg 1536w, https:\/\/veracruzanosexcepcionahles.com\/wp-content\/uploads\/2025\/05\/WhatsApp-Image-2025-05-07-at-1.36.44-PM-1-2048x1366.jpeg 2048w, https:\/\/veracruzanosexcepcionahles.com\/wp-content\/uploads\/2025\/05\/WhatsApp-Image-2025-05-07-at-1.36.44-PM-1-600x400.jpeg 600w\" sizes=\"auto, (max-width: 1024px) 100vw, 1024px\" \/><\/figure>\n\n\n\n<figure class=\"wp-block-image size-large\"><img loading=\"lazy\" decoding=\"async\" width=\"1024\" height=\"683\" data-id=\"6006\" src=\"https:\/\/veracruzanosexcepcionahles.com\/wp-content\/uploads\/2025\/05\/WhatsApp-Image-2025-05-07-at-1.36.43-PM-1-1-1024x683.jpeg\" alt=\"\" class=\"wp-image-6006\" srcset=\"https:\/\/veracruzanosexcepcionahles.com\/wp-content\/uploads\/2025\/05\/WhatsApp-Image-2025-05-07-at-1.36.43-PM-1-1-1024x683.jpeg 1024w, https:\/\/veracruzanosexcepcionahles.com\/wp-content\/uploads\/2025\/05\/WhatsApp-Image-2025-05-07-at-1.36.43-PM-1-1-300x200.jpeg 300w, https:\/\/veracruzanosexcepcionahles.com\/wp-content\/uploads\/2025\/05\/WhatsApp-Image-2025-05-07-at-1.36.43-PM-1-1-768x512.jpeg 768w, https:\/\/veracruzanosexcepcionahles.com\/wp-content\/uploads\/2025\/05\/WhatsApp-Image-2025-05-07-at-1.36.43-PM-1-1-1536x1024.jpeg 1536w, https:\/\/veracruzanosexcepcionahles.com\/wp-content\/uploads\/2025\/05\/WhatsApp-Image-2025-05-07-at-1.36.43-PM-1-1-2048x1366.jpeg 2048w, https:\/\/veracruzanosexcepcionahles.com\/wp-content\/uploads\/2025\/05\/WhatsApp-Image-2025-05-07-at-1.36.43-PM-1-1-600x400.jpeg 600w\" sizes=\"auto, (max-width: 1024px) 100vw, 1024px\" \/><\/figure>\n\n\n\n<figure class=\"wp-block-image size-large\"><img loading=\"lazy\" decoding=\"async\" width=\"1024\" height=\"576\" data-id=\"6007\" src=\"https:\/\/veracruzanosexcepcionahles.com\/wp-content\/uploads\/2025\/05\/WhatsApp-Image-2025-05-07-at-1.36.43-PM-2-1024x576.jpeg\" alt=\"\" class=\"wp-image-6007\" srcset=\"https:\/\/veracruzanosexcepcionahles.com\/wp-content\/uploads\/2025\/05\/WhatsApp-Image-2025-05-07-at-1.36.43-PM-2-1024x576.jpeg 1024w, https:\/\/veracruzanosexcepcionahles.com\/wp-content\/uploads\/2025\/05\/WhatsApp-Image-2025-05-07-at-1.36.43-PM-2-300x169.jpeg 300w, https:\/\/veracruzanosexcepcionahles.com\/wp-content\/uploads\/2025\/05\/WhatsApp-Image-2025-05-07-at-1.36.43-PM-2-768x432.jpeg 768w, https:\/\/veracruzanosexcepcionahles.com\/wp-content\/uploads\/2025\/05\/WhatsApp-Image-2025-05-07-at-1.36.43-PM-2-1536x864.jpeg 1536w, https:\/\/veracruzanosexcepcionahles.com\/wp-content\/uploads\/2025\/05\/WhatsApp-Image-2025-05-07-at-1.36.43-PM-2-2048x1152.jpeg 2048w\" sizes=\"auto, (max-width: 1024px) 100vw, 1024px\" \/><\/figure>\n<\/figure>\n\n\n\n<p>Tlaltetela, Ver., mi\u00e9rcoles 07 de mayo de 2025.- El Gobierno del Estado, a cargo de la gobernadora Roc\u00edo Nahle Garc\u00eda encabez\u00f3 la asamblea de trabajo con m\u00e1s de mil directores de planteles estatales y federales para fortalecer la educaci\u00f3n p\u00fablica en Veracruz a partir de los principios de la Nueva Escuela Mexicana.<\/p>\n\n\n\n<p>Reconoci\u00f3 los desaf\u00edos como la falta de docentes en aulas, sobrecarga administrativa y p\u00e9rdida de la l\u00ednea de autoridad escolar, &#8220;se rompi\u00f3 el equilibrio y tenemos que reordenar el sistema; despu\u00e9s de la pandemia el reto es mayor, pero nos toca adaptarnos y reestructurar\u201d.<\/p>\n\n\n\n<p>&#8220;Para m\u00ed, no hay distinci\u00f3n entre federales o estatales, entre un sindicato y otro: todos los maestros son iguales y merecen respeto y condiciones dignas para trabajar, adem\u00e1s de la reincorporaci\u00f3n de la Escuela para Padres, e involucrarlos en la formaci\u00f3n de sus hijas e hijos\u201d, expres\u00f3.<\/p>\n\n\n\n<p>El encuentro forma parte de los planes Nacional de Desarrollo 2025\u20132030 y Veracruzano de Desarrollo 2025\u20132030, orientados a una educaci\u00f3n con enfoque humanista, inclusiva y vinculada directamente con la sociedad.<\/p>\n\n\n\n<p>Durante la reuni\u00f3n, realizada en la escuela primaria estatal La Corregidora, con 60 a\u00f1os de antig\u00fcedad, se abordaron temas como estilos de vida saludable, prevenci\u00f3n de adicciones en ni\u00f1as, ni\u00f1os y adolescentes, infraestructura escolar, capacitaci\u00f3n continua del personal docente, inclusi\u00f3n educativa, atenci\u00f3n a la violencia familiar y de g\u00e9nero, y fortalecimiento del capital humano.<\/p>\n\n\n\n<p>Participaron directoras y directores de los municipios de Acultzingo, Amatl\u00e1n de los Reyes, Atzacan, Atoyac, Calcahualco, Camerino Z. Mendoza, Ciudad Mendoza, C\u00f3rdoba, Coscomatepec, Cuitl\u00e1huac, Fort\u00edn, Huatusco, Ixhuatl\u00e1n del Caf\u00e9, Ixtaczoquitl\u00e1n, La Perla, Maltrata, Nogales, Omealca, Paso del Macho, Rafael Delgado, R\u00edo Blanco, Tequila, Tezonapa, Texhuac\u00e1n, Tierra Blanca, Totutla, Yanga y Zongolica.<\/p>\n","protected":false},"excerpt":{"rendered":"<p>*En las aulas, la autoridad son las maestras y maestros. Tlaltetela, Ver., mi\u00e9rcoles 07 de mayo de 2025.- El Gobierno del Estado, a cargo de la gobernadora Roc\u00edo Nahle Garc\u00eda encabez\u00f3 la asamblea de trabajo con m\u00e1s de mil directores de planteles estatales y federales para fortalecer la educaci\u00f3n p\u00fablica en Veracruz a partir de&#8230;<\/p>\n","protected":false},"author":2,"featured_media":6000,"comment_status":"closed","ping_status":"closed","sticky":false,"template":"","format":"standard","meta":{"_jetpack_memberships_contains_paid_content":false,"footnotes":"","jetpack_publicize_message":"","jetpack_publicize_feature_enabled":true,"jetpack_social_post_already_shared":true,"jetpack_social_options":{"image_generator_settings":{"template":"highway","default_image_id":0,"font":"","enabled":false},"version":2}},"categories":[23],"tags":[],"class_list":["post-5992","post","type-post","status-publish","format-standard","has-post-thumbnail","hentry","category-actividadesnahle"],"jetpack_publicize_connections":[],"jetpack_featured_media_url":"https:\/\/veracruzanosexcepcionahles.com\/wp-content\/uploads\/2025\/05\/WhatsApp-Image-2025-05-07-at-1.36.42-PM-scaled.jpeg","jetpack_sharing_enabled":true,"jetpack_likes_enabled":true,"jetpack_shortlink":"https:\/\/wp.me\/pe8dhK-1yE","_links":{"self":[{"href":"https:\/\/veracruzanosexcepcionahles.com\/index.php\/wp-json\/wp\/v2\/posts\/5992","targetHints":{"allow":["GET"]}}],"collection":[{"href":"https:\/\/veracruzanosexcepcionahles.com\/index.php\/wp-json\/wp\/v2\/posts"}],"about":[{"href":"https:\/\/veracruzanosexcepcionahles.com\/index.php\/wp-json\/wp\/v2\/types\/post"}],"author":[{"embeddable":true,"href":"https:\/\/veracruzanosexcepcionahles.com\/index.php\/wp-json\/wp\/v2\/users\/2"}],"replies":[{"embeddable":true,"href":"https:\/\/veracruzanosexcepcionahles.com\/index.php\/wp-json\/wp\/v2\/comments?post=5992"}],"version-history":[{"count":1,"href":"https:\/\/veracruzanosexcepcionahles.com\/index.php\/wp-json\/wp\/v2\/posts\/5992\/revisions"}],"predecessor-version":[{"id":6008,"href":"https:\/\/veracruzanosexcepcionahles.com\/index.php\/wp-json\/wp\/v2\/posts\/5992\/revisions\/6008"}],"wp:featuredmedia":[{"embeddable":true,"href":"https:\/\/veracruzanosexcepcionahles.com\/index.php\/wp-json\/wp\/v2\/media\/6000"}],"wp:attachment":[{"href":"https:\/\/veracruzanosexcepcionahles.com\/index.php\/wp-json\/wp\/v2\/media?parent=5992"}],"wp:term":[{"taxonomy":"category","embeddable":true,"href":"https:\/\/veracruzanosexcepcionahles.com\/index.php\/wp-json\/wp\/v2\/categories?post=5992"},{"taxonomy":"post_tag","embeddable":true,"href":"https:\/\/veracruzanosexcepcionahles.com\/index.php\/wp-json\/wp\/v2\/tags?post=5992"}],"curies":[{"name":"wp","href":"https:\/\/api.w.org\/{rel}","templated":true}]}}