{"id":5989,"date":"2025-05-06T23:32:28","date_gmt":"2025-05-07T05:32:28","guid":{"rendered":"https:\/\/veracruzanosexcepcionahles.com\/?p=5989"},"modified":"2025-05-06T23:32:30","modified_gmt":"2025-05-07T05:32:30","slug":"festival-cultural-de-la-sal-dignifica-labor-artesanal-de-soconusco","status":"publish","type":"post","link":"https:\/\/veracruzanosexcepcionahles.com\/index.php\/2025\/05\/06\/festival-cultural-de-la-sal-dignifica-labor-artesanal-de-soconusco\/","title":{"rendered":"Festival Cultural de la Sal dignifica labor artesanal de Soconusco"},"content":{"rendered":"\n<p><strong>&gt;<\/strong>Adem\u00e1s del ritual tradicional, hubo actividades deportivas, gastron\u00f3micas y art\u00edsticas.<\/p>\n\n\n\n<p><strong>Soconusco, Ver., lunes 05 de mayo de 2025.-<\/strong> Del 01 al 04 de mayo, el Centro Ceremonial La Salina, en el ejido Benito Ju\u00e1rez, fue sede del Festival Cultural de la Sal, celebraci\u00f3n que rinde homenaje a la labor artesanal de extracci\u00f3n del mineral por generaciones.<\/p>\n\n\n\n<p>Los festejos iniciaron con el ritual de cocimiento de la sal y el recorrido por el \u00e1rea sagrada para pedir permiso a los cuatro elementos, preservando la tradici\u00f3n que tiene su origen en la \u00e9poca prehisp\u00e1nica.<\/p>\n\n\n\n<p>Las actividades incluyeron la Gran Cabalgata y la Carrera de la Sal, el paseo de carros aleg\u00f3ricos y el baile de coronaci\u00f3n de los reyes del Festival, adem\u00e1s de presentaciones musicales y danc\u00edsticas, con artistas locales como Jocelyn Baruch y Alfredo Vidal El Kiro.<\/p>\n\n\n\n<p>Se instal\u00f3 un Pabell\u00f3n Cultural y una Muestra Gastron\u00f3mica; y en la Casa de Cultura Cuauhtemoctzin, la concurrencia particip\u00f3 de un taller de canto. La jornada concluy\u00f3 con la participaci\u00f3n de Los Cojolites, quienes deleitaron piezas de son jarocho.<\/p>\n\n\n\n<p>Sigue las redes oficiales de la @SECVERoficial para conocer todas las actividades que se realizan.<\/p>\n","protected":false},"excerpt":{"rendered":"<p>&gt;Adem\u00e1s del ritual tradicional, hubo actividades deportivas, gastron\u00f3micas y art\u00edsticas. Soconusco, Ver., lunes 05 de mayo de 2025.- Del 01 al 04 de mayo, el Centro Ceremonial La Salina, en el ejido Benito Ju\u00e1rez, fue sede del Festival Cultural de la Sal, celebraci\u00f3n que rinde homenaje a la labor artesanal de extracci\u00f3n del mineral por&#8230;<\/p>\n","protected":false},"author":2,"featured_media":5990,"comment_status":"closed","ping_status":"closed","sticky":false,"template":"","format":"standard","meta":{"_jetpack_memberships_contains_paid_content":false,"footnotes":"","jetpack_publicize_message":"","jetpack_publicize_feature_enabled":true,"jetpack_social_post_already_shared":true,"jetpack_social_options":{"image_generator_settings":{"template":"highway","default_image_id":0,"font":"","enabled":false},"version":2}},"categories":[2],"tags":[],"class_list":["post-5989","post","type-post","status-publish","format-standard","has-post-thumbnail","hentry","category-gobiernoestatal"],"jetpack_publicize_connections":[],"jetpack_featured_media_url":"https:\/\/veracruzanosexcepcionahles.com\/wp-content\/uploads\/2025\/05\/WhatsApp-Image-2025-05-05-at-6.19.45-PM-scaled.jpeg","jetpack_sharing_enabled":true,"jetpack_likes_enabled":true,"jetpack_shortlink":"https:\/\/wp.me\/pe8dhK-1yB","_links":{"self":[{"href":"https:\/\/veracruzanosexcepcionahles.com\/index.php\/wp-json\/wp\/v2\/posts\/5989","targetHints":{"allow":["GET"]}}],"collection":[{"href":"https:\/\/veracruzanosexcepcionahles.com\/index.php\/wp-json\/wp\/v2\/posts"}],"about":[{"href":"https:\/\/veracruzanosexcepcionahles.com\/index.php\/wp-json\/wp\/v2\/types\/post"}],"author":[{"embeddable":true,"href":"https:\/\/veracruzanosexcepcionahles.com\/index.php\/wp-json\/wp\/v2\/users\/2"}],"replies":[{"embeddable":true,"href":"https:\/\/veracruzanosexcepcionahles.com\/index.php\/wp-json\/wp\/v2\/comments?post=5989"}],"version-history":[{"count":1,"href":"https:\/\/veracruzanosexcepcionahles.com\/index.php\/wp-json\/wp\/v2\/posts\/5989\/revisions"}],"predecessor-version":[{"id":5991,"href":"https:\/\/veracruzanosexcepcionahles.com\/index.php\/wp-json\/wp\/v2\/posts\/5989\/revisions\/5991"}],"wp:featuredmedia":[{"embeddable":true,"href":"https:\/\/veracruzanosexcepcionahles.com\/index.php\/wp-json\/wp\/v2\/media\/5990"}],"wp:attachment":[{"href":"https:\/\/veracruzanosexcepcionahles.com\/index.php\/wp-json\/wp\/v2\/media?parent=5989"}],"wp:term":[{"taxonomy":"category","embeddable":true,"href":"https:\/\/veracruzanosexcepcionahles.com\/index.php\/wp-json\/wp\/v2\/categories?post=5989"},{"taxonomy":"post_tag","embeddable":true,"href":"https:\/\/veracruzanosexcepcionahles.com\/index.php\/wp-json\/wp\/v2\/tags?post=5989"}],"curies":[{"name":"wp","href":"https:\/\/api.w.org\/{rel}","templated":true}]}}