{"id":5789,"date":"2025-04-22T22:39:06","date_gmt":"2025-04-23T04:39:06","guid":{"rendered":"https:\/\/veracruzanosexcepcionahles.com\/?p=5789"},"modified":"2025-04-22T22:39:08","modified_gmt":"2025-04-23T04:39:08","slug":"gobernadora-anuncia-pago-total-al-sat-sin-nueva-deuda-y-en-10-meses","status":"publish","type":"post","link":"https:\/\/veracruzanosexcepcionahles.com\/index.php\/2025\/04\/22\/gobernadora-anuncia-pago-total-al-sat-sin-nueva-deuda-y-en-10-meses\/","title":{"rendered":"Gobernadora anuncia pago total al SAT sin nueva deuda y en 10 meses"},"content":{"rendered":"\n<p>&gt;El 15 de abril realiz\u00f3 el primer abono, por 2 mil 800 mdp.<\/p>\n\n\n\n<p><strong>Xalapa, Ver., martes 22 de abril de 2025.-<\/strong> Veracruz asumi\u00f3 el compromiso de liquidar, en 10 meses, la deuda hist\u00f3rica con el Servicio de Administraci\u00f3n Tributaria (SAT) que dejaron gobiernos anteriores, gracias a una administraci\u00f3n ordenada y eficiente en el uso de los recursos p\u00fablicos, inform\u00f3 la jefa del Ejecutivo, Roc\u00edo Nahle Garc\u00eda.<\/p>\n\n\n\n<p>Con respaldo de la presidenta de la Rep\u00fablica, Claudia Sheinbaum Pardo, se estableci\u00f3 una mesa de trabajo con autoridades del SAT, la cual ha facilitado un esquema de colaboraci\u00f3n que permitir\u00e1 resolver este pasivo heredado desde Fidel Herrera, Javier Duarte y Miguel \u00c1ngel Yunes.<\/p>\n\n\n\n<p>En el marco de este acuerdo, el Gobierno del Estado realiz\u00f3 el primer pago el pasado 15 de abril, por un monto de 2 mil 800 millones de pesos provenientes de recursos estatales, puntualiz\u00f3 en entrevista con medios de comunicaci\u00f3n de Xalapa.<\/p>\n\n\n\n<p>Este esfuerzo se distingue por no implicar la contrataci\u00f3n de nueva deuda, adem\u00e1s que el mecanismo implementado por el SAT contempla incentivos para los deudores cumplidos, mediante un esquema de retorno parcial del pago, que opera como un fondo revolvente.<\/p>\n\n\n\n<p>&#8220;Se trata de una oportunidad excepcional; si no la aprovechamos ahora, Veracruz continuar\u00e1 arrastrando esta carga financiera, que crece de manera exponencial\u201d, explic\u00f3.<\/p>\n\n\n\n<p>Finalmente, subray\u00f3 que este paso permitir\u00e1 atender otro reto financiero de la entidad, que es la deuda bancaria, &#8220;estamos dise\u00f1ando una estrategia de planeaci\u00f3n a seis a\u00f1os, con el objetivo de reducirla significativamente y continuar fortaleciendo las finanzas\u201d.<\/p>\n","protected":false},"excerpt":{"rendered":"<p>&gt;El 15 de abril realiz\u00f3 el primer abono, por 2 mil 800 mdp. Xalapa, Ver., martes 22 de abril de 2025.- Veracruz asumi\u00f3 el compromiso de liquidar, en 10 meses, la deuda hist\u00f3rica con el Servicio de Administraci\u00f3n Tributaria (SAT) que dejaron gobiernos anteriores, gracias a una administraci\u00f3n ordenada y eficiente en el uso de&#8230;<\/p>\n","protected":false},"author":2,"featured_media":5790,"comment_status":"closed","ping_status":"closed","sticky":false,"template":"","format":"standard","meta":{"_jetpack_memberships_contains_paid_content":false,"footnotes":"","jetpack_publicize_message":"","jetpack_publicize_feature_enabled":true,"jetpack_social_post_already_shared":true,"jetpack_social_options":{"image_generator_settings":{"template":"highway","default_image_id":0,"font":"","enabled":false},"version":2}},"categories":[23],"tags":[],"class_list":["post-5789","post","type-post","status-publish","format-standard","has-post-thumbnail","hentry","category-actividadesnahle"],"jetpack_publicize_connections":[],"jetpack_featured_media_url":"https:\/\/veracruzanosexcepcionahles.com\/wp-content\/uploads\/2025\/04\/WhatsApp-Image-2025-04-22-at-5.49.44-PM-scaled.jpeg","jetpack_sharing_enabled":true,"jetpack_likes_enabled":true,"jetpack_shortlink":"https:\/\/wp.me\/pe8dhK-1vn","_links":{"self":[{"href":"https:\/\/veracruzanosexcepcionahles.com\/index.php\/wp-json\/wp\/v2\/posts\/5789","targetHints":{"allow":["GET"]}}],"collection":[{"href":"https:\/\/veracruzanosexcepcionahles.com\/index.php\/wp-json\/wp\/v2\/posts"}],"about":[{"href":"https:\/\/veracruzanosexcepcionahles.com\/index.php\/wp-json\/wp\/v2\/types\/post"}],"author":[{"embeddable":true,"href":"https:\/\/veracruzanosexcepcionahles.com\/index.php\/wp-json\/wp\/v2\/users\/2"}],"replies":[{"embeddable":true,"href":"https:\/\/veracruzanosexcepcionahles.com\/index.php\/wp-json\/wp\/v2\/comments?post=5789"}],"version-history":[{"count":1,"href":"https:\/\/veracruzanosexcepcionahles.com\/index.php\/wp-json\/wp\/v2\/posts\/5789\/revisions"}],"predecessor-version":[{"id":5791,"href":"https:\/\/veracruzanosexcepcionahles.com\/index.php\/wp-json\/wp\/v2\/posts\/5789\/revisions\/5791"}],"wp:featuredmedia":[{"embeddable":true,"href":"https:\/\/veracruzanosexcepcionahles.com\/index.php\/wp-json\/wp\/v2\/media\/5790"}],"wp:attachment":[{"href":"https:\/\/veracruzanosexcepcionahles.com\/index.php\/wp-json\/wp\/v2\/media?parent=5789"}],"wp:term":[{"taxonomy":"category","embeddable":true,"href":"https:\/\/veracruzanosexcepcionahles.com\/index.php\/wp-json\/wp\/v2\/categories?post=5789"},{"taxonomy":"post_tag","embeddable":true,"href":"https:\/\/veracruzanosexcepcionahles.com\/index.php\/wp-json\/wp\/v2\/tags?post=5789"}],"curies":[{"name":"wp","href":"https:\/\/api.w.org\/{rel}","templated":true}]}}