{"id":5758,"date":"2025-04-17T16:48:18","date_gmt":"2025-04-17T22:48:18","guid":{"rendered":"https:\/\/veracruzanosexcepcionahles.com\/?p=5758"},"modified":"2025-04-17T16:48:19","modified_gmt":"2025-04-17T22:48:19","slug":"veracruz-califica-en-voleibol-de-playa-y-softbol-a-la-olimpiada-nacional","status":"publish","type":"post","link":"https:\/\/veracruzanosexcepcionahles.com\/index.php\/2025\/04\/17\/veracruz-califica-en-voleibol-de-playa-y-softbol-a-la-olimpiada-nacional\/","title":{"rendered":"Veracruz califica en Voleibol de playa y Softbol a la Olimpiada Nacional"},"content":{"rendered":"\n<p>&gt;Los equipos representativos se coronaron en calidad de invictos.<\/p>\n\n\n\n<p><strong>Ciudad del Carmen, Camp., jueves 17 de abril de 2025.- <\/strong>Cuatro de las seis parejas que participaron en el Macro Regional de Voleibol de playa obtuvieron su pase a la Olimpiada Nacional 2025, cuya sede ser\u00e1 en Colima.<\/p>\n\n\n\n<p>Veracruz sum\u00f3 una dupla m\u00e1s al m\u00e1ximo evento deportivo infantil y juvenil del pa\u00eds, en comparaci\u00f3n con los Juegos Nacionales 2024, cuando participaron tres parejas femeniles; en esta edici\u00f3n asistir\u00e1n cuatro duplas: dos varoniles y dos femeniles.<\/p>\n\n\n\n<p>Durante tres d\u00edas, las mejores parejas de la Regi\u00f3n C buscaron sus respectivos lugares en la Olimpiada y el representativo estatal logr\u00f3 su objetivo en calidad de invictos, superando a equipos que mostraron un buen nivel.<\/p>\n\n\n\n<p>En los Juegos Nacionales 2024, Veracruz consigui\u00f3 medalla de oro a trav\u00e9s de las hermanas Giselle y Vanessa Chay y Plata con la categor\u00eda Juvenil Menor.<\/p>\n\n\n\n<p>Ganadores:<\/p>\n\n\n\n<ul class=\"wp-block-list\">\n<li><strong>\u00a0Juvenil Superior Femenil<\/strong><\/li>\n<\/ul>\n\n\n\n<p>Giselle Chay y Paola Maya<\/p>\n\n\n\n<p>Entrenador: Erick D\u00edaz<\/p>\n\n\n\n<ul class=\"wp-block-list\">\n<li><strong>\u00a0Juvenil Superior Varonil<\/strong><\/li>\n<\/ul>\n\n\n\n<p>Alejandro Rodr\u00edguez y Christian Tejeda<\/p>\n\n\n\n<p>Entrenador: Jos\u00e9 Manuel Sep\u00falveda<\/p>\n\n\n\n<ul class=\"wp-block-list\">\n<li><strong>\u00a0Juvenil Menor Femenil<\/strong><\/li>\n<\/ul>\n\n\n\n<p>Melina Rom\u00e1n y Jocelyn Contreras<\/p>\n\n\n\n<p>Entrenador: Gilberto Cort\u00e9s<\/p>\n\n\n\n<ul class=\"wp-block-list\">\n<li><strong>\u00a0Juvenil Menor Varonil<\/strong><\/li>\n<\/ul>\n\n\n\n<p>\u00d3scar Mares y Rafael Flores<\/p>\n\n\n\n<p>Entrenador: No\u00e9 Castillo<\/p>\n\n\n\n<p>Mientras tanto, en softbol, el equipo de la categor\u00eda Varonil Menor logr\u00f3 su pase a la Olimpiada Nacional 2025 de forma invicta, demostrando un gran nivel durante el Macro Regional; destaca su victoria ante Oaxaca, en un juego muy disputado.<\/p>\n\n\n\n<p>Est\u00e1 integrado por Ram\u00f3n Delgado, Ian Daniel Flores, V\u00edctor Morales, Cristian Castro, Dylan Hern\u00e1ndez, Edwin G\u00f3mez, Kevin Orellana, Jos\u00e9 Garc\u00eda, Erick San Juan, Pedro Rodr\u00edguez, Juan Pedro Lugo, Luis Bl\u00e1squez, Ad\u00e1n Zaragoza, Julio C\u00e9sar Axel Cerecedo y Jorge Guerrero, dirigidos por la dupla Aldo V\u00e1zquez y Edson Mart\u00ednez.<\/p>\n","protected":false},"excerpt":{"rendered":"<p>&gt;Los equipos representativos se coronaron en calidad de invictos. Ciudad del Carmen, Camp., jueves 17 de abril de 2025.- Cuatro de las seis parejas que participaron en el Macro Regional de Voleibol de playa obtuvieron su pase a la Olimpiada Nacional 2025, cuya sede ser\u00e1 en Colima. Veracruz sum\u00f3 una dupla m\u00e1s al m\u00e1ximo evento&#8230;<\/p>\n","protected":false},"author":2,"featured_media":5759,"comment_status":"closed","ping_status":"closed","sticky":false,"template":"","format":"standard","meta":{"_jetpack_memberships_contains_paid_content":false,"footnotes":"","jetpack_publicize_message":"","jetpack_publicize_feature_enabled":true,"jetpack_social_post_already_shared":true,"jetpack_social_options":{"image_generator_settings":{"template":"highway","default_image_id":0,"font":"","enabled":false},"version":2}},"categories":[2],"tags":[],"class_list":["post-5758","post","type-post","status-publish","format-standard","has-post-thumbnail","hentry","category-gobiernoestatal"],"jetpack_publicize_connections":[],"jetpack_featured_media_url":"https:\/\/veracruzanosexcepcionahles.com\/wp-content\/uploads\/2025\/04\/WhatsApp-Image-2025-04-17-at-12.05.25-PM.jpeg","jetpack_sharing_enabled":true,"jetpack_likes_enabled":true,"jetpack_shortlink":"https:\/\/wp.me\/pe8dhK-1uS","_links":{"self":[{"href":"https:\/\/veracruzanosexcepcionahles.com\/index.php\/wp-json\/wp\/v2\/posts\/5758","targetHints":{"allow":["GET"]}}],"collection":[{"href":"https:\/\/veracruzanosexcepcionahles.com\/index.php\/wp-json\/wp\/v2\/posts"}],"about":[{"href":"https:\/\/veracruzanosexcepcionahles.com\/index.php\/wp-json\/wp\/v2\/types\/post"}],"author":[{"embeddable":true,"href":"https:\/\/veracruzanosexcepcionahles.com\/index.php\/wp-json\/wp\/v2\/users\/2"}],"replies":[{"embeddable":true,"href":"https:\/\/veracruzanosexcepcionahles.com\/index.php\/wp-json\/wp\/v2\/comments?post=5758"}],"version-history":[{"count":1,"href":"https:\/\/veracruzanosexcepcionahles.com\/index.php\/wp-json\/wp\/v2\/posts\/5758\/revisions"}],"predecessor-version":[{"id":5760,"href":"https:\/\/veracruzanosexcepcionahles.com\/index.php\/wp-json\/wp\/v2\/posts\/5758\/revisions\/5760"}],"wp:featuredmedia":[{"embeddable":true,"href":"https:\/\/veracruzanosexcepcionahles.com\/index.php\/wp-json\/wp\/v2\/media\/5759"}],"wp:attachment":[{"href":"https:\/\/veracruzanosexcepcionahles.com\/index.php\/wp-json\/wp\/v2\/media?parent=5758"}],"wp:term":[{"taxonomy":"category","embeddable":true,"href":"https:\/\/veracruzanosexcepcionahles.com\/index.php\/wp-json\/wp\/v2\/categories?post=5758"},{"taxonomy":"post_tag","embeddable":true,"href":"https:\/\/veracruzanosexcepcionahles.com\/index.php\/wp-json\/wp\/v2\/tags?post=5758"}],"curies":[{"name":"wp","href":"https:\/\/api.w.org\/{rel}","templated":true}]}}