{"id":5735,"date":"2025-04-16T13:00:28","date_gmt":"2025-04-16T19:00:28","guid":{"rendered":"https:\/\/veracruzanosexcepcionahles.com\/?p=5735"},"modified":"2025-04-16T13:00:30","modified_gmt":"2025-04-16T19:00:30","slug":"carro-completo-para-veracruz-en-tenis-de-mesa","status":"publish","type":"post","link":"https:\/\/veracruzanosexcepcionahles.com\/index.php\/2025\/04\/16\/carro-completo-para-veracruz-en-tenis-de-mesa\/","title":{"rendered":"Carro completo para Veracruz en Tenis de Mesa"},"content":{"rendered":"\n<p>&gt;Ilan Lima y Alexa Alejandre, medallistas en 2024, encabezan la delegaci\u00f3n.<\/p>\n\n\n\n<p><strong>Xalapa, Ver., mi\u00e9rcoles 16 de abril de 2025.-<\/strong> Veracruz logr\u00f3 un resultado hist\u00f3rico en el Macro Regional C de Tenis de Mesa al calificar a su delegaci\u00f3n completa en todas las categor\u00edas y modalidades rumbo a la Olimpiada Nacional 2025, que se celebrar\u00e1 del 15 al 21 de mayo en Huamantla, Tlaxcala.<\/p>\n\n\n\n<p>El Vel\u00f3dromo Internacional de Xalapa reuni\u00f3 a m\u00e1s de 500 atletas de 10 estados del pa\u00eds, adem\u00e1s del IMSS y la UNAM, la selecci\u00f3n veracruzana impuso su jerarqu\u00eda y nivel competitivo al conseguir su pase en las categor\u00edas U11, U13, U15 y U19, en ambas ramas.<\/p>\n\n\n\n<p>Los medallistas nacionales Ilan Lima Ortega y Alexa Alejandre Arg\u00fcelles lideran esta delegaci\u00f3n, Lima obtuvo medalla de oro en Individual y Dobles Varonil, adem\u00e1s de bronce en Dobles Mixto y por Equipos, por su parte, Alexa gan\u00f3 dos medallas de plata (Individual y Dobles Femenil) y dos bronces en Dobles Mixto y Equipos.<\/p>\n\n\n\n<p>Clasificados<\/p>\n\n\n\n<p>Categor\u00eda U11<\/p>\n\n\n\n<p><strong>Femenil:<\/strong><\/p>\n\n\n\n<ul class=\"wp-block-list\">\n<li>Andrea Corona Noguez<\/li>\n\n\n\n<li>Damaris Cu\u00e9llar Ronquillo<\/li>\n<\/ul>\n\n\n\n<p><strong>Varonil:<\/strong><\/p>\n\n\n\n<ul class=\"wp-block-list\">\n<li>Axel Garc\u00eda Carrillo<\/li>\n\n\n\n<li>El\u00edas Rodr\u00edguez Dom\u00ednguez<\/li>\n\n\n\n<li>Kamil Mansur Jordan<\/li>\n\n\n\n<li>Jos\u00e9 Gilberto Mart\u00ednez Rojas<\/li>\n<\/ul>\n\n\n\n<p><strong>Categor\u00eda U13<\/strong><\/p>\n\n\n\n<p><strong>Femenil:<\/strong><\/p>\n\n\n\n<ul class=\"wp-block-list\">\n<li>Ximena Garc\u00eda Fortuny<\/li>\n\n\n\n<li>Sara Aguilar Hern\u00e1ndez<\/li>\n\n\n\n<li>Quetzaly Lagunes Herrera<\/li>\n\n\n\n<li>M\u00eda Kim Jaramillo<\/li>\n<\/ul>\n\n\n\n<p><strong>Varonil:<\/strong><\/p>\n\n\n\n<ul class=\"wp-block-list\">\n<li>Gael Pardo Lagunes<\/li>\n\n\n\n<li>Gustavo Ortiz Palacios<\/li>\n\n\n\n<li>Carlos Arturo D\u00edaz Hern\u00e1ndez<\/li>\n\n\n\n<li>Mat\u00edas Dom\u00ednguez Arrieta<\/li>\n<\/ul>\n\n\n\n<p><strong>Categor\u00eda U15<\/strong><\/p>\n\n\n\n<p><strong>Femenil:<\/strong><\/p>\n\n\n\n<ul class=\"wp-block-list\">\n<li>Alexa Alejandre Arg\u00fcelles<\/li>\n\n\n\n<li>Valentina Dom\u00ednguez Calder\u00f3n<\/li>\n\n\n\n<li>Celina Alc\u00e1ntara L\u00f3pez<\/li>\n\n\n\n<li>Jhoana Molina Montero<\/li>\n<\/ul>\n\n\n\n<p><strong>Varonil:<\/strong><\/p>\n\n\n\n<ul class=\"wp-block-list\">\n<li>Sebasti\u00e1n N\u00fa\u00f1ez Schmidt<\/li>\n\n\n\n<li>Hiram de Jes\u00fas Mart\u00ednez Rivera<\/li>\n\n\n\n<li>Gael Alejandro Corona Noguez<\/li>\n\n\n\n<li>Leonardo Morales Clemente<\/li>\n<\/ul>\n\n\n\n<p><strong>Categor\u00eda U19<\/strong><\/p>\n\n\n\n<p><strong>Femenil:<\/strong><\/p>\n\n\n\n<ul class=\"wp-block-list\">\n<li>Roberta Hern\u00e1ndez Ram\u00edrez<\/li>\n\n\n\n<li>Camila Haro Lara<\/li>\n\n\n\n<li>Isabella Panes Ortiz<\/li>\n\n\n\n<li>Evelyn Silva Cruz<\/li>\n<\/ul>\n\n\n\n<p><strong>Varonil:<\/strong><\/p>\n\n\n\n<ul class=\"wp-block-list\">\n<li>Ilan Lima Ortega<\/li>\n\n\n\n<li>Erick Gael Olano Cruz<\/li>\n\n\n\n<li>Joshua Alfonso Acevedo<\/li>\n\n\n\n<li>Emilio Pedrero Lara<\/li>\n<\/ul>\n","protected":false},"excerpt":{"rendered":"<p>&gt;Ilan Lima y Alexa Alejandre, medallistas en 2024, encabezan la delegaci\u00f3n. Xalapa, Ver., mi\u00e9rcoles 16 de abril de 2025.- Veracruz logr\u00f3 un resultado hist\u00f3rico en el Macro Regional C de Tenis de Mesa al calificar a su delegaci\u00f3n completa en todas las categor\u00edas y modalidades rumbo a la Olimpiada Nacional 2025, que se celebrar\u00e1 del&#8230;<\/p>\n","protected":false},"author":2,"featured_media":5736,"comment_status":"closed","ping_status":"closed","sticky":false,"template":"","format":"standard","meta":{"_jetpack_memberships_contains_paid_content":false,"footnotes":"","jetpack_publicize_message":"","jetpack_publicize_feature_enabled":true,"jetpack_social_post_already_shared":true,"jetpack_social_options":{"image_generator_settings":{"template":"highway","default_image_id":0,"font":"","enabled":false},"version":2}},"categories":[2],"tags":[],"class_list":["post-5735","post","type-post","status-publish","format-standard","has-post-thumbnail","hentry","category-gobiernoestatal"],"jetpack_publicize_connections":[],"jetpack_featured_media_url":"https:\/\/veracruzanosexcepcionahles.com\/wp-content\/uploads\/2025\/04\/WhatsApp-Image-2025-04-16-at-12.46.32-PM-1.jpeg","jetpack_sharing_enabled":true,"jetpack_likes_enabled":true,"jetpack_shortlink":"https:\/\/wp.me\/pe8dhK-1uv","_links":{"self":[{"href":"https:\/\/veracruzanosexcepcionahles.com\/index.php\/wp-json\/wp\/v2\/posts\/5735","targetHints":{"allow":["GET"]}}],"collection":[{"href":"https:\/\/veracruzanosexcepcionahles.com\/index.php\/wp-json\/wp\/v2\/posts"}],"about":[{"href":"https:\/\/veracruzanosexcepcionahles.com\/index.php\/wp-json\/wp\/v2\/types\/post"}],"author":[{"embeddable":true,"href":"https:\/\/veracruzanosexcepcionahles.com\/index.php\/wp-json\/wp\/v2\/users\/2"}],"replies":[{"embeddable":true,"href":"https:\/\/veracruzanosexcepcionahles.com\/index.php\/wp-json\/wp\/v2\/comments?post=5735"}],"version-history":[{"count":1,"href":"https:\/\/veracruzanosexcepcionahles.com\/index.php\/wp-json\/wp\/v2\/posts\/5735\/revisions"}],"predecessor-version":[{"id":5737,"href":"https:\/\/veracruzanosexcepcionahles.com\/index.php\/wp-json\/wp\/v2\/posts\/5735\/revisions\/5737"}],"wp:featuredmedia":[{"embeddable":true,"href":"https:\/\/veracruzanosexcepcionahles.com\/index.php\/wp-json\/wp\/v2\/media\/5736"}],"wp:attachment":[{"href":"https:\/\/veracruzanosexcepcionahles.com\/index.php\/wp-json\/wp\/v2\/media?parent=5735"}],"wp:term":[{"taxonomy":"category","embeddable":true,"href":"https:\/\/veracruzanosexcepcionahles.com\/index.php\/wp-json\/wp\/v2\/categories?post=5735"},{"taxonomy":"post_tag","embeddable":true,"href":"https:\/\/veracruzanosexcepcionahles.com\/index.php\/wp-json\/wp\/v2\/tags?post=5735"}],"curies":[{"name":"wp","href":"https:\/\/api.w.org\/{rel}","templated":true}]}}