{"id":5660,"date":"2025-04-04T11:59:53","date_gmt":"2025-04-04T17:59:53","guid":{"rendered":"https:\/\/veracruzanosexcepcionahles.com\/?p=5660"},"modified":"2025-04-04T11:59:55","modified_gmt":"2025-04-04T17:59:55","slug":"gobernadora-respalda-relevo-de-la-26a-zona-militar","status":"publish","type":"post","link":"https:\/\/veracruzanosexcepcionahles.com\/index.php\/2025\/04\/04\/gobernadora-respalda-relevo-de-la-26a-zona-militar\/","title":{"rendered":"Gobernadora respalda relevo de la 26\u00aa Zona Militar"},"content":{"rendered":"\n<p>*Fortalece coordinaci\u00f3n institucional con la Secretar\u00eda de la Defensa.<\/p>\n\n\n\n<figure class=\"wp-block-gallery has-nested-images columns-default is-cropped wp-block-gallery-1 is-layout-flex wp-block-gallery-is-layout-flex\">\n<figure class=\"wp-block-image size-large\"><img loading=\"lazy\" decoding=\"async\" width=\"1024\" height=\"682\" data-id=\"5662\" src=\"https:\/\/veracruzanosexcepcionahles.com\/wp-content\/uploads\/2025\/04\/WhatsApp-Image-2025-04-04-at-11.54.51-AM-1024x682.jpeg\" alt=\"\" class=\"wp-image-5662\" srcset=\"https:\/\/veracruzanosexcepcionahles.com\/wp-content\/uploads\/2025\/04\/WhatsApp-Image-2025-04-04-at-11.54.51-AM-1024x682.jpeg 1024w, https:\/\/veracruzanosexcepcionahles.com\/wp-content\/uploads\/2025\/04\/WhatsApp-Image-2025-04-04-at-11.54.51-AM-300x200.jpeg 300w, https:\/\/veracruzanosexcepcionahles.com\/wp-content\/uploads\/2025\/04\/WhatsApp-Image-2025-04-04-at-11.54.51-AM-768x512.jpeg 768w, https:\/\/veracruzanosexcepcionahles.com\/wp-content\/uploads\/2025\/04\/WhatsApp-Image-2025-04-04-at-11.54.51-AM-600x400.jpeg 600w, https:\/\/veracruzanosexcepcionahles.com\/wp-content\/uploads\/2025\/04\/WhatsApp-Image-2025-04-04-at-11.54.51-AM.jpeg 1280w\" sizes=\"auto, (max-width: 1024px) 100vw, 1024px\" \/><\/figure>\n\n\n\n<figure class=\"wp-block-image size-large\"><img loading=\"lazy\" decoding=\"async\" width=\"1024\" height=\"682\" data-id=\"5663\" src=\"https:\/\/veracruzanosexcepcionahles.com\/wp-content\/uploads\/2025\/04\/WhatsApp-Image-2025-04-04-at-11.54.52-AM-1024x682.jpeg\" alt=\"\" class=\"wp-image-5663\" srcset=\"https:\/\/veracruzanosexcepcionahles.com\/wp-content\/uploads\/2025\/04\/WhatsApp-Image-2025-04-04-at-11.54.52-AM-1024x682.jpeg 1024w, https:\/\/veracruzanosexcepcionahles.com\/wp-content\/uploads\/2025\/04\/WhatsApp-Image-2025-04-04-at-11.54.52-AM-300x200.jpeg 300w, https:\/\/veracruzanosexcepcionahles.com\/wp-content\/uploads\/2025\/04\/WhatsApp-Image-2025-04-04-at-11.54.52-AM-768x512.jpeg 768w, https:\/\/veracruzanosexcepcionahles.com\/wp-content\/uploads\/2025\/04\/WhatsApp-Image-2025-04-04-at-11.54.52-AM-600x400.jpeg 600w, https:\/\/veracruzanosexcepcionahles.com\/wp-content\/uploads\/2025\/04\/WhatsApp-Image-2025-04-04-at-11.54.52-AM.jpeg 1280w\" sizes=\"auto, (max-width: 1024px) 100vw, 1024px\" \/><\/figure>\n\n\n\n<figure class=\"wp-block-image size-large\"><img loading=\"lazy\" decoding=\"async\" width=\"1024\" height=\"682\" data-id=\"5664\" src=\"https:\/\/veracruzanosexcepcionahles.com\/wp-content\/uploads\/2025\/04\/WhatsApp-Image-2025-04-04-at-11.54.47-AM-1024x682.jpeg\" alt=\"\" class=\"wp-image-5664\" srcset=\"https:\/\/veracruzanosexcepcionahles.com\/wp-content\/uploads\/2025\/04\/WhatsApp-Image-2025-04-04-at-11.54.47-AM-1024x682.jpeg 1024w, https:\/\/veracruzanosexcepcionahles.com\/wp-content\/uploads\/2025\/04\/WhatsApp-Image-2025-04-04-at-11.54.47-AM-300x200.jpeg 300w, https:\/\/veracruzanosexcepcionahles.com\/wp-content\/uploads\/2025\/04\/WhatsApp-Image-2025-04-04-at-11.54.47-AM-768x512.jpeg 768w, https:\/\/veracruzanosexcepcionahles.com\/wp-content\/uploads\/2025\/04\/WhatsApp-Image-2025-04-04-at-11.54.47-AM-600x400.jpeg 600w, https:\/\/veracruzanosexcepcionahles.com\/wp-content\/uploads\/2025\/04\/WhatsApp-Image-2025-04-04-at-11.54.47-AM.jpeg 1280w\" sizes=\"auto, (max-width: 1024px) 100vw, 1024px\" \/><\/figure>\n<\/figure>\n\n\n\n<p>Emiliano Zapata, Ver., viernes 04 de abril de 2025.- La gobernadora Roc\u00edo Nahle Garc\u00eda asisti\u00f3, como invitada de honor, a la Toma de Protesta al Cargo, Posesi\u00f3n del Mando y Protesta de Bandera del nuevo comandante de la 26\u00aa Zona Militar, Miguel \u00c1ngel Rodr\u00edguez Guti\u00e9rrez.<\/p>\n\n\n\n<p>El acto protocolario, realizado en las instalaciones del Cuartel Militar, cont\u00f3 con la presencia de autoridades civiles y militares, quienes, junto a la Mandataria refrendaron su compromiso interinstitucional para garantizar la seguridad y el bienestar de la ciudadan\u00eda veracruzana.<\/p>\n\n\n\n<p>Como parte del programa, los comandantes de corporaci\u00f3n y organismos de este mando territorial, se presentaron ante el Comandante, en un gesto de disciplina y unidad que simboliz\u00f3 la continuidad del trabajo coordinado.<\/p>\n\n\n\n<p>Estuvieron los comandantes interino de la 6\u00aa Regi\u00f3n Militar, H\u00e9ctor \u00c1vila Alcocer; de la 1\u00aa Regi\u00f3n Naval, Carlos Eduardo Leglis Escamilla; de la 19\u00aa Zona Militar, Jorge Antonio Maldonado Guevara; y de la 29\u00aa Zona Militar, Antonio Alejandro Ramos Arguello, as\u00ed como el coordinador estatal de la Guardia Nacional, Iv\u00e1n Navarrete Torres.<\/p>\n\n\n\n<p>Adem\u00e1s, la fiscal general del Estado, Ver\u00f3nica Hern\u00e1ndez Giad\u00e1ns; la presidenta del Congreso del Estado, Tania Carola Viveros Ch\u00e1zaro; los secretarios de Gobierno, Ricardo Ahued Bardahuil; de Seguridad P\u00fablica, Alfonso Reyes Garc\u00e9s, y de Protecci\u00f3n Civil, Guadalupe Osorno Maldonado, entre otros.<\/p>\n\n\n\n<p>&#8212;000&#8212;<\/p>\n","protected":false},"excerpt":{"rendered":"<p>*Fortalece coordinaci\u00f3n institucional con la Secretar\u00eda de la Defensa. Emiliano Zapata, Ver., viernes 04 de abril de 2025.- La gobernadora Roc\u00edo Nahle Garc\u00eda asisti\u00f3, como invitada de honor, a la Toma de Protesta al Cargo, Posesi\u00f3n del Mando y Protesta de Bandera del nuevo comandante de la 26\u00aa Zona Militar, Miguel \u00c1ngel Rodr\u00edguez Guti\u00e9rrez. El&#8230;<\/p>\n","protected":false},"author":2,"featured_media":5661,"comment_status":"closed","ping_status":"closed","sticky":false,"template":"","format":"standard","meta":{"_jetpack_memberships_contains_paid_content":false,"footnotes":"","jetpack_publicize_message":"","jetpack_publicize_feature_enabled":true,"jetpack_social_post_already_shared":true,"jetpack_social_options":{"image_generator_settings":{"template":"highway","default_image_id":0,"font":"","enabled":false},"version":2}},"categories":[23],"tags":[],"class_list":["post-5660","post","type-post","status-publish","format-standard","has-post-thumbnail","hentry","category-actividadesnahle"],"jetpack_publicize_connections":[],"jetpack_featured_media_url":"https:\/\/veracruzanosexcepcionahles.com\/wp-content\/uploads\/2025\/04\/WhatsApp-Image-2025-04-04-at-11.54.46-AM.jpeg","jetpack_sharing_enabled":true,"jetpack_likes_enabled":true,"jetpack_shortlink":"https:\/\/wp.me\/pe8dhK-1ti","_links":{"self":[{"href":"https:\/\/veracruzanosexcepcionahles.com\/index.php\/wp-json\/wp\/v2\/posts\/5660","targetHints":{"allow":["GET"]}}],"collection":[{"href":"https:\/\/veracruzanosexcepcionahles.com\/index.php\/wp-json\/wp\/v2\/posts"}],"about":[{"href":"https:\/\/veracruzanosexcepcionahles.com\/index.php\/wp-json\/wp\/v2\/types\/post"}],"author":[{"embeddable":true,"href":"https:\/\/veracruzanosexcepcionahles.com\/index.php\/wp-json\/wp\/v2\/users\/2"}],"replies":[{"embeddable":true,"href":"https:\/\/veracruzanosexcepcionahles.com\/index.php\/wp-json\/wp\/v2\/comments?post=5660"}],"version-history":[{"count":1,"href":"https:\/\/veracruzanosexcepcionahles.com\/index.php\/wp-json\/wp\/v2\/posts\/5660\/revisions"}],"predecessor-version":[{"id":5665,"href":"https:\/\/veracruzanosexcepcionahles.com\/index.php\/wp-json\/wp\/v2\/posts\/5660\/revisions\/5665"}],"wp:featuredmedia":[{"embeddable":true,"href":"https:\/\/veracruzanosexcepcionahles.com\/index.php\/wp-json\/wp\/v2\/media\/5661"}],"wp:attachment":[{"href":"https:\/\/veracruzanosexcepcionahles.com\/index.php\/wp-json\/wp\/v2\/media?parent=5660"}],"wp:term":[{"taxonomy":"category","embeddable":true,"href":"https:\/\/veracruzanosexcepcionahles.com\/index.php\/wp-json\/wp\/v2\/categories?post=5660"},{"taxonomy":"post_tag","embeddable":true,"href":"https:\/\/veracruzanosexcepcionahles.com\/index.php\/wp-json\/wp\/v2\/tags?post=5660"}],"curies":[{"name":"wp","href":"https:\/\/api.w.org\/{rel}","templated":true}]}}