{"id":5608,"date":"2025-03-31T11:52:28","date_gmt":"2025-03-31T17:52:28","guid":{"rendered":"https:\/\/veracruzanosexcepcionahles.com\/?p=5608"},"modified":"2025-03-31T11:52:29","modified_gmt":"2025-03-31T17:52:29","slug":"veracruz-impulsa-la-produccion-de-maiz-con-un-proyecto-de-900-hectareas","status":"publish","type":"post","link":"https:\/\/veracruzanosexcepcionahles.com\/index.php\/2025\/03\/31\/veracruz-impulsa-la-produccion-de-maiz-con-un-proyecto-de-900-hectareas\/","title":{"rendered":"Veracruz impulsa la producci\u00f3n de ma\u00edz con un proyecto de 900 hect\u00e1reas"},"content":{"rendered":"\n<p>*La meta es duplicar la cosecha para abastecer tiendas del Bienestar.<\/p>\n\n\n\n<p>Xalapa, Ver., lunes 31 de marzo de 2025.- La gobernadora Roc\u00edo Nahle Garc\u00eda reafirm\u00f3 su compromiso con la autosuficiencia alimentaria al impulsar un proyecto para la producci\u00f3n de ma\u00edz en Veracruz, el cual prev\u00e9 cosechar m\u00e1s de 900 toneladas del grano en el municipio de Isla.<\/p>\n\n\n\n<p>Expuso que el viernes, la titular de Alimentaci\u00f3n para el Bienestar Mar\u00eda Luisa Albores Gonzales visit\u00f3 Veracruz para dar seguimiento a este plan y trabajar en la creaci\u00f3n de centros de acopio y compra de ma\u00edz en la entidad.<\/p>\n\n\n\n<p>Estos centros permitir\u00e1n que los peque\u00f1os productores vendan directamente al Gobierno para su distribuci\u00f3n en las Tiendas de Bienestar, garantizando precios justos y fortaleciendo la econom\u00eda del sector agr\u00edcola.<\/p>\n\n\n\n<p>&#8220;Desde el primer d\u00eda de mi mandato impulsamos este proyecto, que inici\u00f3 con la siembra de 900 hect\u00e1reas en Isla, ahora trabajamos para duplicar la superficie cultivada y lograr una mayor producci\u00f3n&#8221;, se\u00f1al\u00f3 la Gobernadora.<\/p>\n\n\n\n<p>Destac\u00f3 que el objetivo es contribuir a la autosuficiencia de granos en M\u00e9xico, ya que actualmente el pa\u00eds enfrenta un d\u00e9ficit en la producci\u00f3n de ma\u00edz por lo que todos los estados deben sumar esfuerzos para reducir la dependencia de importaciones y fortalecer el campo mexicano.<br>Se prev\u00e9 que la siguiente cosecha tenga lugar entre julio y agosto, con la meta de ampliar la superficie cultivada y generar un impacto positivo en la econom\u00eda de los productores locales.<\/p>\n\n\n\n<p>&#8212;000&#8212;<\/p>\n","protected":false},"excerpt":{"rendered":"<p>*La meta es duplicar la cosecha para abastecer tiendas del Bienestar. Xalapa, Ver., lunes 31 de marzo de 2025.- La gobernadora Roc\u00edo Nahle Garc\u00eda reafirm\u00f3 su compromiso con la autosuficiencia alimentaria al impulsar un proyecto para la producci\u00f3n de ma\u00edz en Veracruz, el cual prev\u00e9 cosechar m\u00e1s de 900 toneladas del grano en el municipio&#8230;<\/p>\n","protected":false},"author":2,"featured_media":5609,"comment_status":"closed","ping_status":"closed","sticky":false,"template":"","format":"standard","meta":{"_jetpack_memberships_contains_paid_content":false,"footnotes":"","jetpack_publicize_message":"","jetpack_publicize_feature_enabled":true,"jetpack_social_post_already_shared":true,"jetpack_social_options":{"image_generator_settings":{"template":"highway","default_image_id":0,"font":"","enabled":false},"version":2}},"categories":[23],"tags":[],"class_list":["post-5608","post","type-post","status-publish","format-standard","has-post-thumbnail","hentry","category-actividadesnahle"],"jetpack_publicize_connections":[],"jetpack_featured_media_url":"https:\/\/veracruzanosexcepcionahles.com\/wp-content\/uploads\/2025\/03\/WhatsApp-Image-2025-03-31-at-11.01.27-AM.jpeg","jetpack_sharing_enabled":true,"jetpack_likes_enabled":true,"jetpack_shortlink":"https:\/\/wp.me\/pe8dhK-1ss","_links":{"self":[{"href":"https:\/\/veracruzanosexcepcionahles.com\/index.php\/wp-json\/wp\/v2\/posts\/5608","targetHints":{"allow":["GET"]}}],"collection":[{"href":"https:\/\/veracruzanosexcepcionahles.com\/index.php\/wp-json\/wp\/v2\/posts"}],"about":[{"href":"https:\/\/veracruzanosexcepcionahles.com\/index.php\/wp-json\/wp\/v2\/types\/post"}],"author":[{"embeddable":true,"href":"https:\/\/veracruzanosexcepcionahles.com\/index.php\/wp-json\/wp\/v2\/users\/2"}],"replies":[{"embeddable":true,"href":"https:\/\/veracruzanosexcepcionahles.com\/index.php\/wp-json\/wp\/v2\/comments?post=5608"}],"version-history":[{"count":1,"href":"https:\/\/veracruzanosexcepcionahles.com\/index.php\/wp-json\/wp\/v2\/posts\/5608\/revisions"}],"predecessor-version":[{"id":5610,"href":"https:\/\/veracruzanosexcepcionahles.com\/index.php\/wp-json\/wp\/v2\/posts\/5608\/revisions\/5610"}],"wp:featuredmedia":[{"embeddable":true,"href":"https:\/\/veracruzanosexcepcionahles.com\/index.php\/wp-json\/wp\/v2\/media\/5609"}],"wp:attachment":[{"href":"https:\/\/veracruzanosexcepcionahles.com\/index.php\/wp-json\/wp\/v2\/media?parent=5608"}],"wp:term":[{"taxonomy":"category","embeddable":true,"href":"https:\/\/veracruzanosexcepcionahles.com\/index.php\/wp-json\/wp\/v2\/categories?post=5608"},{"taxonomy":"post_tag","embeddable":true,"href":"https:\/\/veracruzanosexcepcionahles.com\/index.php\/wp-json\/wp\/v2\/tags?post=5608"}],"curies":[{"name":"wp","href":"https:\/\/api.w.org\/{rel}","templated":true}]}}