{"id":5588,"date":"2025-03-27T13:50:24","date_gmt":"2025-03-27T19:50:24","guid":{"rendered":"https:\/\/veracruzanosexcepcionahles.com\/?p=5588"},"modified":"2025-03-27T13:50:25","modified_gmt":"2025-03-27T19:50:25","slug":"sectur-fortalece-el-turismo-en-los-tuxtlas-con-foro-de-servicios-turisticos","status":"publish","type":"post","link":"https:\/\/veracruzanosexcepcionahles.com\/index.php\/2025\/03\/27\/sectur-fortalece-el-turismo-en-los-tuxtlas-con-foro-de-servicios-turisticos\/","title":{"rendered":"SECTUR fortalece el turismo en Los Tuxtlas con foro de servicios tur\u00edsticos"},"content":{"rendered":"\n<p>*Entrega certificaciones para mejorar la calidad y competitividad<\/p>\n\n\n\n<p>San Andr\u00e9s Tuxtla, Ver., jueves 27 de marzo de 2025.- La Secretar\u00eda de Turismo (Sectur) realiz\u00f3 el 3er Foro: Servicios Tur\u00edsticos y Vinculaci\u00f3n con Sectur, reuniendo a representantes de 11 municipios de la regi\u00f3n de Los Tuxtlas con el prop\u00f3sito de impulsar la profesionalizaci\u00f3n del sector.<\/p>\n\n\n\n<p>Durante el encuentro, autoridades, empresarios y prestadores de servicios tur\u00edsticos analizaron estrategias para fortalecer la oferta tur\u00edstica y potenciar el desarrollo econ\u00f3mico de municipios como San Andr\u00e9s Tuxtla, Catemaco, Santiago Tuxtla y \u00c1ngel R. Cabada.<\/p>\n\n\n\n<p>El subsecretario de Promoci\u00f3n y Atenci\u00f3n Tur\u00edstica, Jorge Flores Lara, destac\u00f3 la importancia de este tipo de foros para consolidar la vinculaci\u00f3n entre actores clave del sector y fomentar el intercambio de buenas pr\u00e1cticas.<\/p>\n\n\n\n<p>En el marco del evento, Sectur entreg\u00f3 certificaciones en calidad y profesionalizaci\u00f3n a prestadores de servicios tur\u00edsticos de Catemaco, Santiago Tuxtla y San Andr\u00e9s Tuxtla, reforzando su compromiso con el desarrollo tur\u00edstico de la regi\u00f3n.<\/p>\n","protected":false},"excerpt":{"rendered":"<p>*Entrega certificaciones para mejorar la calidad y competitividad San Andr\u00e9s Tuxtla, Ver., jueves 27 de marzo de 2025.- La Secretar\u00eda de Turismo (Sectur) realiz\u00f3 el 3er Foro: Servicios Tur\u00edsticos y Vinculaci\u00f3n con Sectur, reuniendo a representantes de 11 municipios de la regi\u00f3n de Los Tuxtlas con el prop\u00f3sito de impulsar la profesionalizaci\u00f3n del sector. Durante&#8230;<\/p>\n","protected":false},"author":2,"featured_media":5589,"comment_status":"closed","ping_status":"closed","sticky":false,"template":"","format":"standard","meta":{"_jetpack_memberships_contains_paid_content":false,"footnotes":"","jetpack_publicize_message":"","jetpack_publicize_feature_enabled":true,"jetpack_social_post_already_shared":true,"jetpack_social_options":{"image_generator_settings":{"template":"highway","default_image_id":0,"font":"","enabled":false},"version":2}},"categories":[2],"tags":[],"class_list":["post-5588","post","type-post","status-publish","format-standard","has-post-thumbnail","hentry","category-gobiernoestatal"],"jetpack_publicize_connections":[],"jetpack_featured_media_url":"https:\/\/veracruzanosexcepcionahles.com\/wp-content\/uploads\/2025\/03\/WhatsApp-Image-2025-03-27-at-1.46.01-PM-scaled.jpeg","jetpack_sharing_enabled":true,"jetpack_likes_enabled":true,"jetpack_shortlink":"https:\/\/wp.me\/pe8dhK-1s8","_links":{"self":[{"href":"https:\/\/veracruzanosexcepcionahles.com\/index.php\/wp-json\/wp\/v2\/posts\/5588","targetHints":{"allow":["GET"]}}],"collection":[{"href":"https:\/\/veracruzanosexcepcionahles.com\/index.php\/wp-json\/wp\/v2\/posts"}],"about":[{"href":"https:\/\/veracruzanosexcepcionahles.com\/index.php\/wp-json\/wp\/v2\/types\/post"}],"author":[{"embeddable":true,"href":"https:\/\/veracruzanosexcepcionahles.com\/index.php\/wp-json\/wp\/v2\/users\/2"}],"replies":[{"embeddable":true,"href":"https:\/\/veracruzanosexcepcionahles.com\/index.php\/wp-json\/wp\/v2\/comments?post=5588"}],"version-history":[{"count":1,"href":"https:\/\/veracruzanosexcepcionahles.com\/index.php\/wp-json\/wp\/v2\/posts\/5588\/revisions"}],"predecessor-version":[{"id":5590,"href":"https:\/\/veracruzanosexcepcionahles.com\/index.php\/wp-json\/wp\/v2\/posts\/5588\/revisions\/5590"}],"wp:featuredmedia":[{"embeddable":true,"href":"https:\/\/veracruzanosexcepcionahles.com\/index.php\/wp-json\/wp\/v2\/media\/5589"}],"wp:attachment":[{"href":"https:\/\/veracruzanosexcepcionahles.com\/index.php\/wp-json\/wp\/v2\/media?parent=5588"}],"wp:term":[{"taxonomy":"category","embeddable":true,"href":"https:\/\/veracruzanosexcepcionahles.com\/index.php\/wp-json\/wp\/v2\/categories?post=5588"},{"taxonomy":"post_tag","embeddable":true,"href":"https:\/\/veracruzanosexcepcionahles.com\/index.php\/wp-json\/wp\/v2\/tags?post=5588"}],"curies":[{"name":"wp","href":"https:\/\/api.w.org\/{rel}","templated":true}]}}