{"id":5585,"date":"2025-03-27T13:46:28","date_gmt":"2025-03-27T19:46:28","guid":{"rendered":"https:\/\/veracruzanosexcepcionahles.com\/?p=5585"},"modified":"2025-03-27T13:46:29","modified_gmt":"2025-03-27T19:46:29","slug":"gobernadora-inaugura-el-consulado-de-la-republica-del-libano-en-veracruz","status":"publish","type":"post","link":"https:\/\/veracruzanosexcepcionahles.com\/index.php\/2025\/03\/27\/gobernadora-inaugura-el-consulado-de-la-republica-del-libano-en-veracruz\/","title":{"rendered":"Gobernadora inaugura el Consulado de la Rep\u00fablica del L\u00edbano en Veracruz"},"content":{"rendered":"\n<p>*En el evento, record\u00f3 la historia migrante de su familia.<br>*M\u00e9xico mantiene pol\u00edtica de dignidad y solidaridad con los migrantes.<\/p>\n\n\n\n<p>Veracruz, Ver., jueves 27 de marzo de 2025.- La gobernadora Roc\u00edo Nahle Garc\u00eda y el embajador de la Rep\u00fablica del L\u00edbano en M\u00e9xico, Sami Nmeir, inauguraron el Consulado de la Rep\u00fablica del L\u00edbano en Veracruz, fortaleciendo los lazos diplom\u00e1ticos y culturales.<\/p>\n\n\n\n<p>El evento cont\u00f3 con la presencia del c\u00f3nsul honorario Gregorio Chedraui Bolado y representantes de la comunidad libanesa en el estado.<\/p>\n\n\n\n<p>Durante su intervenci\u00f3n, la Mandataria destac\u00f3 el significado especial de esta inauguraci\u00f3n, pues record\u00f3 su ascendencia libanesa y la historia migrante de su familia ya que su abuelo, un comerciante originario del L\u00edbano, lleg\u00f3 a M\u00e9xico a trav\u00e9s del puerto de Veracruz y se integr\u00f3 plenamente a la vida y desarrollo del pa\u00eds.<\/p>\n\n\n\n<p>Asimismo, subray\u00f3 que la apertura de este Consulado refleja el compromiso del Gobierno de M\u00e9xico con una pol\u00edtica migratoria basada en el respeto a los derechos humanos y la dignidad de quienes han buscado en este pa\u00eds nuevas oportunidades.<\/p>\n\n\n\n<p>En sinton\u00eda con la presidenta Claudia Sheinbaum Pardo, reafirm\u00f3 que el humanismo mexicano sigue siendo el eje rector en la atenci\u00f3n a los connacionales en el extranjero y en la solidaridad con quienes llegan a M\u00e9xico en busca de un mejor futuro.<\/p>\n\n\n\n<p>&#8212;000&#8212;<\/p>\n","protected":false},"excerpt":{"rendered":"<p>*En el evento, record\u00f3 la historia migrante de su familia.*M\u00e9xico mantiene pol\u00edtica de dignidad y solidaridad con los migrantes. Veracruz, Ver., jueves 27 de marzo de 2025.- La gobernadora Roc\u00edo Nahle Garc\u00eda y el embajador de la Rep\u00fablica del L\u00edbano en M\u00e9xico, Sami Nmeir, inauguraron el Consulado de la Rep\u00fablica del L\u00edbano en Veracruz, fortaleciendo&#8230;<\/p>\n","protected":false},"author":2,"featured_media":5586,"comment_status":"closed","ping_status":"closed","sticky":false,"template":"","format":"standard","meta":{"_jetpack_memberships_contains_paid_content":false,"footnotes":"","jetpack_publicize_message":"","jetpack_publicize_feature_enabled":true,"jetpack_social_post_already_shared":true,"jetpack_social_options":{"image_generator_settings":{"template":"highway","default_image_id":0,"font":"","enabled":false},"version":2}},"categories":[23],"tags":[],"class_list":["post-5585","post","type-post","status-publish","format-standard","has-post-thumbnail","hentry","category-actividadesnahle"],"jetpack_publicize_connections":[],"jetpack_featured_media_url":"https:\/\/veracruzanosexcepcionahles.com\/wp-content\/uploads\/2025\/03\/WhatsApp-Image-2025-03-27-at-1.40.11-PM-scaled.jpeg","jetpack_sharing_enabled":true,"jetpack_likes_enabled":true,"jetpack_shortlink":"https:\/\/wp.me\/pe8dhK-1s5","_links":{"self":[{"href":"https:\/\/veracruzanosexcepcionahles.com\/index.php\/wp-json\/wp\/v2\/posts\/5585","targetHints":{"allow":["GET"]}}],"collection":[{"href":"https:\/\/veracruzanosexcepcionahles.com\/index.php\/wp-json\/wp\/v2\/posts"}],"about":[{"href":"https:\/\/veracruzanosexcepcionahles.com\/index.php\/wp-json\/wp\/v2\/types\/post"}],"author":[{"embeddable":true,"href":"https:\/\/veracruzanosexcepcionahles.com\/index.php\/wp-json\/wp\/v2\/users\/2"}],"replies":[{"embeddable":true,"href":"https:\/\/veracruzanosexcepcionahles.com\/index.php\/wp-json\/wp\/v2\/comments?post=5585"}],"version-history":[{"count":1,"href":"https:\/\/veracruzanosexcepcionahles.com\/index.php\/wp-json\/wp\/v2\/posts\/5585\/revisions"}],"predecessor-version":[{"id":5587,"href":"https:\/\/veracruzanosexcepcionahles.com\/index.php\/wp-json\/wp\/v2\/posts\/5585\/revisions\/5587"}],"wp:featuredmedia":[{"embeddable":true,"href":"https:\/\/veracruzanosexcepcionahles.com\/index.php\/wp-json\/wp\/v2\/media\/5586"}],"wp:attachment":[{"href":"https:\/\/veracruzanosexcepcionahles.com\/index.php\/wp-json\/wp\/v2\/media?parent=5585"}],"wp:term":[{"taxonomy":"category","embeddable":true,"href":"https:\/\/veracruzanosexcepcionahles.com\/index.php\/wp-json\/wp\/v2\/categories?post=5585"},{"taxonomy":"post_tag","embeddable":true,"href":"https:\/\/veracruzanosexcepcionahles.com\/index.php\/wp-json\/wp\/v2\/tags?post=5585"}],"curies":[{"name":"wp","href":"https:\/\/api.w.org\/{rel}","templated":true}]}}