{"id":5582,"date":"2025-03-26T14:39:49","date_gmt":"2025-03-26T20:39:49","guid":{"rendered":"https:\/\/veracruzanosexcepcionahles.com\/?p=5582"},"modified":"2025-03-26T14:39:50","modified_gmt":"2025-03-26T20:39:50","slug":"gobernadora-establece-reordenamiento-docente-y-mejora-de-infraestructura-en-primarias","status":"publish","type":"post","link":"https:\/\/veracruzanosexcepcionahles.com\/index.php\/2025\/03\/26\/gobernadora-establece-reordenamiento-docente-y-mejora-de-infraestructura-en-primarias\/","title":{"rendered":"Gobernadora establece reordenamiento docente y mejora de infraestructura en primarias"},"content":{"rendered":"\n<p>*\u201cNuestros ni\u00f1os, nuestras ni\u00f1as deben tener la garant\u00eda de la educaci\u00f3n laica y gratuita\u201d.<br>Los mi\u00e9rcoles ser\u00e1n los d\u00edas de reuniones para dar seguimiento a las necesidades.<\/p>\n\n\n\n<p>Tantoyuca, Ver., mi\u00e9rcoles 26 de marzo de 2025.- En el marco del fortalecimiento del nivel de Educaci\u00f3n B\u00e1sica, la gobernadora Roc\u00edo Nahle Garc\u00eda y la secretaria de Educaci\u00f3n de Veracruz, Claudia Tello Espinoza, encabezaron la Reuni\u00f3n para la mejora educativa en la zona norte Huasteca veracruzana.<\/p>\n\n\n\n<p>La Mandataria subray\u00f3 la importancia de realizar un diagn\u00f3stico real y detallado de cada escuela para atender de manera efectiva la cobertura docente, la infraestructura y la administraci\u00f3n de los recursos, \u201cnecesitamos saber de primera mano qu\u00e9 falta en cada plantel. No podemos permitir que haya ni\u00f1os sin maestros cuando contamos con la plantilla docente m\u00e1s grande del pa\u00eds&#8221;.<\/p>\n\n\n\n<p>En la escuela primaria Manuel C. Tello, junto con m\u00e1s de 700 supervisores, directores y educadores, se establecieron tres prioridades. La primera, el reordenamiento y cobertura docente para lo cual se realizar\u00e1 un levantamiento detallado de necesidades para garantizar una asignaci\u00f3n adecuada del personal, evitando que haya quienes no tengan grupo asignado mientras en otras escuelas se reporta d\u00e9ficit.<\/p>\n\n\n\n<p>Segundo, la mejora de la infraestructura escolar, atendiendo problemas como la falta de ba\u00f1os en buen estado, ventilaci\u00f3n adecuada en zonas de altas temperaturas y la rehabilitaci\u00f3n de aulas y espacios comunes. La Secretar\u00eda de Infraestructura y Obras P\u00fablicas supervisar\u00e1 y ejecutar\u00e1 estos proyectos.<\/p>\n\n\n\n<p>Tercero y \u00faltimo, la administraci\u00f3n eficiente de recursos, implementando un control m\u00e1s estricto sobre la asignaci\u00f3n de plazas y la distribuci\u00f3n del presupuesto, asegurando que cada escuela reciba lo necesario para su funcionamiento. Tambi\u00e9n se revisar\u00e1 el destino de los ingresos generados por las cooperativas para garantizar su reinversi\u00f3n en el mantenimiento de los planteles.<\/p>\n\n\n\n<p>La jefa del Ejecutivo inform\u00f3 que todos los mi\u00e9rcoles llevar\u00e1n a cabo reuniones en distintas zonas escolares para dar seguimiento a esta estrategia y hablar directamente con directores y supervisores \u201casegurarnos de que cada ni\u00f1o y ni\u00f1a de Veracruz tenga acceso a una educaci\u00f3n digna\u201d, apunt\u00f3.<\/p>\n\n\n\n<p>Por su parte, la secretaria de Educaci\u00f3n, enfatiz\u00f3 la urgencia de una redistribuci\u00f3n adecuada del personal, para ello, se ha implementado la estrategia Maestro al Aula, cuyo objetivo es optimizar la asignaci\u00f3n de docentes y evitar desorganizaci\u00f3n.<\/p>\n\n\n\n<p>Inform\u00f3 que en Veracruz hay 9 mil 428 escuelas primarias, 45 mil 263 docentes y 733 mil alumnos, sin embargo, persisten retos significativos, como el rezago y el analfabetismo, donde el estado ocupa el segundo y primer lugar nacional, respectivamente, para atender esta situaci\u00f3n, la Gobernadora implement\u00f3 el trabajo en territorio para mejorar estos indicadores y garantizar mayores oportunidades de aprendizaje.<\/p>\n\n\n\n<p>&#8212;000&#8212;<\/p>\n","protected":false},"excerpt":{"rendered":"<p>*\u201cNuestros ni\u00f1os, nuestras ni\u00f1as deben tener la garant\u00eda de la educaci\u00f3n laica y gratuita\u201d.Los mi\u00e9rcoles ser\u00e1n los d\u00edas de reuniones para dar seguimiento a las necesidades. Tantoyuca, Ver., mi\u00e9rcoles 26 de marzo de 2025.- En el marco del fortalecimiento del nivel de Educaci\u00f3n B\u00e1sica, la gobernadora Roc\u00edo Nahle Garc\u00eda y la secretaria de Educaci\u00f3n de&#8230;<\/p>\n","protected":false},"author":2,"featured_media":5583,"comment_status":"closed","ping_status":"closed","sticky":false,"template":"","format":"standard","meta":{"_jetpack_memberships_contains_paid_content":false,"footnotes":"","jetpack_publicize_message":"","jetpack_publicize_feature_enabled":true,"jetpack_social_post_already_shared":true,"jetpack_social_options":{"image_generator_settings":{"template":"highway","default_image_id":0,"font":"","enabled":false},"version":2}},"categories":[23],"tags":[],"class_list":["post-5582","post","type-post","status-publish","format-standard","has-post-thumbnail","hentry","category-actividadesnahle"],"jetpack_publicize_connections":[],"jetpack_featured_media_url":"https:\/\/veracruzanosexcepcionahles.com\/wp-content\/uploads\/2025\/03\/WhatsApp-Image-2025-03-26-at-2.24.54-PM-scaled.jpeg","jetpack_sharing_enabled":true,"jetpack_likes_enabled":true,"jetpack_shortlink":"https:\/\/wp.me\/pe8dhK-1s2","_links":{"self":[{"href":"https:\/\/veracruzanosexcepcionahles.com\/index.php\/wp-json\/wp\/v2\/posts\/5582","targetHints":{"allow":["GET"]}}],"collection":[{"href":"https:\/\/veracruzanosexcepcionahles.com\/index.php\/wp-json\/wp\/v2\/posts"}],"about":[{"href":"https:\/\/veracruzanosexcepcionahles.com\/index.php\/wp-json\/wp\/v2\/types\/post"}],"author":[{"embeddable":true,"href":"https:\/\/veracruzanosexcepcionahles.com\/index.php\/wp-json\/wp\/v2\/users\/2"}],"replies":[{"embeddable":true,"href":"https:\/\/veracruzanosexcepcionahles.com\/index.php\/wp-json\/wp\/v2\/comments?post=5582"}],"version-history":[{"count":1,"href":"https:\/\/veracruzanosexcepcionahles.com\/index.php\/wp-json\/wp\/v2\/posts\/5582\/revisions"}],"predecessor-version":[{"id":5584,"href":"https:\/\/veracruzanosexcepcionahles.com\/index.php\/wp-json\/wp\/v2\/posts\/5582\/revisions\/5584"}],"wp:featuredmedia":[{"embeddable":true,"href":"https:\/\/veracruzanosexcepcionahles.com\/index.php\/wp-json\/wp\/v2\/media\/5583"}],"wp:attachment":[{"href":"https:\/\/veracruzanosexcepcionahles.com\/index.php\/wp-json\/wp\/v2\/media?parent=5582"}],"wp:term":[{"taxonomy":"category","embeddable":true,"href":"https:\/\/veracruzanosexcepcionahles.com\/index.php\/wp-json\/wp\/v2\/categories?post=5582"},{"taxonomy":"post_tag","embeddable":true,"href":"https:\/\/veracruzanosexcepcionahles.com\/index.php\/wp-json\/wp\/v2\/tags?post=5582"}],"curies":[{"name":"wp","href":"https:\/\/api.w.org\/{rel}","templated":true}]}}