{"id":5576,"date":"2025-03-26T13:46:27","date_gmt":"2025-03-26T19:46:27","guid":{"rendered":"https:\/\/veracruzanosexcepcionahles.com\/?p=5576"},"modified":"2025-03-26T13:46:28","modified_gmt":"2025-03-26T19:46:28","slug":"rehabilitacion-total-de-la-carretera-127-iniciara-desde-alamo-y-panuco","status":"publish","type":"post","link":"https:\/\/veracruzanosexcepcionahles.com\/index.php\/2025\/03\/26\/rehabilitacion-total-de-la-carretera-127-iniciara-desde-alamo-y-panuco\/","title":{"rendered":"Rehabilitaci\u00f3n total de la carretera 127 iniciar\u00e1 desde \u00c1lamo y P\u00e1nuco"},"content":{"rendered":"\n<p>*Avanz\u00f3 la mejora con el programa nacional Bachet\u00f3n.<\/p>\n\n\n\n<p>Tantoyuca, Ver., mi\u00e9rcoles 26 de marzo de 2025.- Como resultado de la reuni\u00f3n sostenida este martes con la Secretar\u00eda de Infraestructura, Comunicaciones y Transportes (SICT) en la Ciudad de M\u00e9xico, la gobernadora Roc\u00edo Nahle Garc\u00eda anunci\u00f3 avances en los proyectos de rehabilitaci\u00f3n carretera para la regi\u00f3n norte del estado.<\/p>\n\n\n\n<p>Durante su visita a Tantoyuca, en entrevista con medios de comunicaci\u00f3n, destac\u00f3 la importancia de mejorar la conectividad vial y se\u00f1al\u00f3 que, tras su recorrido, constat\u00f3 la necesidad de una intervenci\u00f3n integral en la Carretera Federal 127, en el tramo \u00c1lamo-P\u00e1nuco.<\/p>\n\n\n\n<p>&#8220;Ayer estuvimos en la SICT y revisamos la situaci\u00f3n de la carretera. Tenemos un plan que contemplaba iniciar desde P\u00e1nuco, pero ahora estamos planteando intervenir de manera simult\u00e1nea desde ambos extremos, de P\u00e1nuco hacia el sur y de \u00c1lamo hacia el norte&#8221;, detall\u00f3.<\/p>\n\n\n\n<p>Explic\u00f3 que, aunque se avanz\u00f3 y mejor\u00f3 el tr\u00e1nsito gracias al programa nacional Bachet\u00f3n, la intervenci\u00f3n desde dos frentes permitir\u00e1 agilizar los trabajos y mejorar las condiciones de la v\u00eda en beneficio de las comunidades y sectores productivos de la regi\u00f3n.<\/p>\n\n\n\n<p>Finalmente, la Gobernadora reiter\u00f3 su compromiso de continuar gestionando recursos y coordinando esfuerzos con la Federaci\u00f3n para garantizar infraestructura de calidad en Veracruz.<\/p>\n\n\n\n<p>&#8212;000&#8212;<\/p>\n","protected":false},"excerpt":{"rendered":"<p>*Avanz\u00f3 la mejora con el programa nacional Bachet\u00f3n. Tantoyuca, Ver., mi\u00e9rcoles 26 de marzo de 2025.- Como resultado de la reuni\u00f3n sostenida este martes con la Secretar\u00eda de Infraestructura, Comunicaciones y Transportes (SICT) en la Ciudad de M\u00e9xico, la gobernadora Roc\u00edo Nahle Garc\u00eda anunci\u00f3 avances en los proyectos de rehabilitaci\u00f3n carretera para la regi\u00f3n norte&#8230;<\/p>\n","protected":false},"author":2,"featured_media":5577,"comment_status":"closed","ping_status":"closed","sticky":false,"template":"","format":"standard","meta":{"_jetpack_memberships_contains_paid_content":false,"footnotes":"","jetpack_publicize_message":"","jetpack_publicize_feature_enabled":true,"jetpack_social_post_already_shared":true,"jetpack_social_options":{"image_generator_settings":{"template":"highway","default_image_id":0,"font":"","enabled":false},"version":2}},"categories":[23],"tags":[],"class_list":["post-5576","post","type-post","status-publish","format-standard","has-post-thumbnail","hentry","category-actividadesnahle"],"jetpack_publicize_connections":[],"jetpack_featured_media_url":"https:\/\/veracruzanosexcepcionahles.com\/wp-content\/uploads\/2025\/03\/WhatsApp-Image-2025-03-26-at-11.11.38-AM.jpeg","jetpack_sharing_enabled":true,"jetpack_likes_enabled":true,"jetpack_shortlink":"https:\/\/wp.me\/pe8dhK-1rW","_links":{"self":[{"href":"https:\/\/veracruzanosexcepcionahles.com\/index.php\/wp-json\/wp\/v2\/posts\/5576","targetHints":{"allow":["GET"]}}],"collection":[{"href":"https:\/\/veracruzanosexcepcionahles.com\/index.php\/wp-json\/wp\/v2\/posts"}],"about":[{"href":"https:\/\/veracruzanosexcepcionahles.com\/index.php\/wp-json\/wp\/v2\/types\/post"}],"author":[{"embeddable":true,"href":"https:\/\/veracruzanosexcepcionahles.com\/index.php\/wp-json\/wp\/v2\/users\/2"}],"replies":[{"embeddable":true,"href":"https:\/\/veracruzanosexcepcionahles.com\/index.php\/wp-json\/wp\/v2\/comments?post=5576"}],"version-history":[{"count":1,"href":"https:\/\/veracruzanosexcepcionahles.com\/index.php\/wp-json\/wp\/v2\/posts\/5576\/revisions"}],"predecessor-version":[{"id":5578,"href":"https:\/\/veracruzanosexcepcionahles.com\/index.php\/wp-json\/wp\/v2\/posts\/5576\/revisions\/5578"}],"wp:featuredmedia":[{"embeddable":true,"href":"https:\/\/veracruzanosexcepcionahles.com\/index.php\/wp-json\/wp\/v2\/media\/5577"}],"wp:attachment":[{"href":"https:\/\/veracruzanosexcepcionahles.com\/index.php\/wp-json\/wp\/v2\/media?parent=5576"}],"wp:term":[{"taxonomy":"category","embeddable":true,"href":"https:\/\/veracruzanosexcepcionahles.com\/index.php\/wp-json\/wp\/v2\/categories?post=5576"},{"taxonomy":"post_tag","embeddable":true,"href":"https:\/\/veracruzanosexcepcionahles.com\/index.php\/wp-json\/wp\/v2\/tags?post=5576"}],"curies":[{"name":"wp","href":"https:\/\/api.w.org\/{rel}","templated":true}]}}