{"id":5545,"date":"2025-03-24T11:23:39","date_gmt":"2025-03-24T17:23:39","guid":{"rendered":"https:\/\/veracruzanosexcepcionahles.com\/?p=5545"},"modified":"2025-03-24T11:23:40","modified_gmt":"2025-03-24T17:23:40","slug":"rocio-nahle-inicia-diagnostico-educativo-con-directores-de-primarias-en-veracruz","status":"publish","type":"post","link":"https:\/\/veracruzanosexcepcionahles.com\/index.php\/2025\/03\/24\/rocio-nahle-inicia-diagnostico-educativo-con-directores-de-primarias-en-veracruz\/","title":{"rendered":"Roc\u00edo Nahle inicia diagn\u00f3stico educativo con directores de primarias en Veracruz"},"content":{"rendered":"\n<p>*Cada mi\u00e9rcoles, encabezar\u00e1 mesas de trabajo con directores de educaci\u00f3n b\u00e1sica.<br>*Esta semana sostendr\u00e1 reuniones en la SICT y el SAT.<\/p>\n\n\n\n<p>Xalapa, Ver., lunes 24 de marzo de 2025.- La gobernadora Roc\u00edo Nahle Garc\u00eda anunci\u00f3 una serie de reuniones estrat\u00e9gicas en la Ciudad de M\u00e9xico y mesas de trabajo con directores de escuelas primarias, con el objetivo de fortalecer la infraestructura educativa y atender las necesidades del magisterio.<\/p>\n\n\n\n<p>En el \u00e1mbito educativo, Roc\u00edo Nahle destac\u00f3 la puesta en marcha de diagn\u00f3stico integral del sistema escolar, y a partir de este mi\u00e9rcoles, iniciar\u00e1 una serie de 28 reuniones con directores de escuelas primarias en todo el estado, con el fin de conocer de primera mano las necesidades en infraestructura, personal docente y equipamiento.<\/p>\n\n\n\n<p>Las reuniones se llevar\u00e1n a cabo cada mi\u00e9rcoles, enfoc\u00e1ndose en aspectos clave como la falta de docentes, la situaci\u00f3n administrativa de los planteles y las carencias en equipamiento e infraestructura.<\/p>\n\n\n\n<p>&#8220;Quiero saber cu\u00e1ntas escuelas no tienen director, d\u00f3nde faltan maestros y qu\u00e9 condiciones presentan las instalaciones para poder actuar con precisi\u00f3n&#8221;, agreg\u00f3 la Gobernadora.<\/p>\n\n\n\n<p>Este martes, la Mandataria estatal sostendr\u00e1 encuentros en la Secretar\u00eda de Infraestructura, Comunicaciones y Transportes para abordar proyectos nacionales de infraestructura, inform\u00f3 en entrevista radiof\u00f3nica para Quatro Media Comunicaciones.<\/p>\n\n\n\n<p>Posteriormente, se reunir\u00e1 con el Servicio de Administraci\u00f3n Tributaria para revisar la situaci\u00f3n fiscal del Estado y negociar una consolidaci\u00f3n de la deuda heredada, asegurando transparencia y responsabilidad en el manejo de los recursos.<\/p>\n\n\n\n<p>&#8212;000&#8212;<\/p>\n","protected":false},"excerpt":{"rendered":"<p>*Cada mi\u00e9rcoles, encabezar\u00e1 mesas de trabajo con directores de educaci\u00f3n b\u00e1sica.*Esta semana sostendr\u00e1 reuniones en la SICT y el SAT. Xalapa, Ver., lunes 24 de marzo de 2025.- La gobernadora Roc\u00edo Nahle Garc\u00eda anunci\u00f3 una serie de reuniones estrat\u00e9gicas en la Ciudad de M\u00e9xico y mesas de trabajo con directores de escuelas primarias, con el&#8230;<\/p>\n","protected":false},"author":2,"featured_media":5546,"comment_status":"closed","ping_status":"closed","sticky":false,"template":"","format":"standard","meta":{"_jetpack_memberships_contains_paid_content":false,"footnotes":"","jetpack_publicize_message":"","jetpack_publicize_feature_enabled":true,"jetpack_social_post_already_shared":true,"jetpack_social_options":{"image_generator_settings":{"template":"highway","default_image_id":0,"font":"","enabled":false},"version":2}},"categories":[23],"tags":[],"class_list":["post-5545","post","type-post","status-publish","format-standard","has-post-thumbnail","hentry","category-actividadesnahle"],"jetpack_publicize_connections":[],"jetpack_featured_media_url":"https:\/\/veracruzanosexcepcionahles.com\/wp-content\/uploads\/2025\/03\/WhatsApp-Image-2025-03-24-at-10.04.43-AM.jpeg","jetpack_sharing_enabled":true,"jetpack_likes_enabled":true,"jetpack_shortlink":"https:\/\/wp.me\/pe8dhK-1rr","_links":{"self":[{"href":"https:\/\/veracruzanosexcepcionahles.com\/index.php\/wp-json\/wp\/v2\/posts\/5545","targetHints":{"allow":["GET"]}}],"collection":[{"href":"https:\/\/veracruzanosexcepcionahles.com\/index.php\/wp-json\/wp\/v2\/posts"}],"about":[{"href":"https:\/\/veracruzanosexcepcionahles.com\/index.php\/wp-json\/wp\/v2\/types\/post"}],"author":[{"embeddable":true,"href":"https:\/\/veracruzanosexcepcionahles.com\/index.php\/wp-json\/wp\/v2\/users\/2"}],"replies":[{"embeddable":true,"href":"https:\/\/veracruzanosexcepcionahles.com\/index.php\/wp-json\/wp\/v2\/comments?post=5545"}],"version-history":[{"count":1,"href":"https:\/\/veracruzanosexcepcionahles.com\/index.php\/wp-json\/wp\/v2\/posts\/5545\/revisions"}],"predecessor-version":[{"id":5547,"href":"https:\/\/veracruzanosexcepcionahles.com\/index.php\/wp-json\/wp\/v2\/posts\/5545\/revisions\/5547"}],"wp:featuredmedia":[{"embeddable":true,"href":"https:\/\/veracruzanosexcepcionahles.com\/index.php\/wp-json\/wp\/v2\/media\/5546"}],"wp:attachment":[{"href":"https:\/\/veracruzanosexcepcionahles.com\/index.php\/wp-json\/wp\/v2\/media?parent=5545"}],"wp:term":[{"taxonomy":"category","embeddable":true,"href":"https:\/\/veracruzanosexcepcionahles.com\/index.php\/wp-json\/wp\/v2\/categories?post=5545"},{"taxonomy":"post_tag","embeddable":true,"href":"https:\/\/veracruzanosexcepcionahles.com\/index.php\/wp-json\/wp\/v2\/tags?post=5545"}],"curies":[{"name":"wp","href":"https:\/\/api.w.org\/{rel}","templated":true}]}}