{"id":5542,"date":"2025-03-21T11:39:28","date_gmt":"2025-03-21T17:39:28","guid":{"rendered":"https:\/\/veracruzanosexcepcionahles.com\/?p=5542"},"modified":"2025-03-21T11:39:30","modified_gmt":"2025-03-21T17:39:30","slug":"claudia-sheinbaum-sigue-el-ejemplo-de-juarez-en-la-politica-exterior-rocio-nahle","status":"publish","type":"post","link":"https:\/\/veracruzanosexcepcionahles.com\/index.php\/2025\/03\/21\/claudia-sheinbaum-sigue-el-ejemplo-de-juarez-en-la-politica-exterior-rocio-nahle\/","title":{"rendered":"Claudia Sheinbaum sigue el ejemplo de Ju\u00e1rez en la pol\u00edtica exterior: Roc\u00edo Nahle"},"content":{"rendered":"\n<p>*Veracruz exhibir\u00e1 el primer acta de nacimiento firmada por Benito Ju\u00e1rez.<\/p>\n\n\n\n<p>Xalapa, Ver., viernes 21 de marzo de 2025.- En el 219 aniversario del natalicio de Benito Ju\u00e1rez, la gobernadora Roc\u00edo Nahle Garc\u00eda destac\u00f3 la vigencia de su pensamiento en la pol\u00edtica nacional y subray\u00f3 c\u00f3mo la presidenta Claudia Sheinbaum Pardo sigue su ejemplo en la defensa de la soberan\u00eda de M\u00e9xico ante presiones externas.<\/p>\n\n\n\n<p>Desde la capital, y acompa\u00f1ada de las representantes de los poderes Judicial y Legislativo, record\u00f3 que el Benem\u00e9rito de las Am\u00e9ricas enfrent\u00f3 con firmeza los intentos de intervenci\u00f3n extranjera y consolid\u00f3 la independencia del pa\u00eds mediante la legalidad, la diplomacia y la fortaleza del pueblo.<\/p>\n\n\n\n<p>En ese sentido, enfatiz\u00f3 que la Presidenta de M\u00e9xico ha asumido el mismo compromiso, manteniendo una postura digna y mesurada en las relaciones internacionales, particularmente con Estados Unidos, sin ceder a presiones econ\u00f3micas o pol\u00edticas que vulneren los intereses nacionales.<\/p>\n\n\n\n<p>Asimismo, la Gobernadora anunci\u00f3 que Veracruz resguarda un documento hist\u00f3rico de gran relevancia: el acta de nacimiento firmada por Benito Ju\u00e1rez en 1859, la primera emitida en M\u00e9xico bajo el Registro Civil que \u00e9l mismo instaur\u00f3.<\/p>\n\n\n\n<p>Este documento, correspondiente al registro de su hija Susana Ju\u00e1rez Maza, marc\u00f3 un hito en la consolidaci\u00f3n del Estado laico y la separaci\u00f3n entre la Iglesia y el poder civil.<\/p>\n\n\n\n<p>Con el respaldo del Gobierno de M\u00e9xico, el documento ser\u00e1 exhibido en el Centro Cultural de Leyes de Reforma para que est\u00e9 al alcance de todos los mexicanos.<\/p>\n\n\n\n<p>\u201cM\u00e1s que un testimonio hist\u00f3rico, este documento simboliza el M\u00e9xico libre y soberano que Ju\u00e1rez so\u00f1\u00f3 y que hoy seguimos construyendo. Esperamos que la presidenta Sheinbaum regrese a Veracruz para presentar este legado a la naci\u00f3n\u201d, afirm\u00f3.<\/p>\n","protected":false},"excerpt":{"rendered":"<p>*Veracruz exhibir\u00e1 el primer acta de nacimiento firmada por Benito Ju\u00e1rez. Xalapa, Ver., viernes 21 de marzo de 2025.- En el 219 aniversario del natalicio de Benito Ju\u00e1rez, la gobernadora Roc\u00edo Nahle Garc\u00eda destac\u00f3 la vigencia de su pensamiento en la pol\u00edtica nacional y subray\u00f3 c\u00f3mo la presidenta Claudia Sheinbaum Pardo sigue su ejemplo en&#8230;<\/p>\n","protected":false},"author":2,"featured_media":5543,"comment_status":"closed","ping_status":"closed","sticky":false,"template":"","format":"standard","meta":{"_jetpack_memberships_contains_paid_content":false,"footnotes":"","jetpack_publicize_message":"","jetpack_publicize_feature_enabled":true,"jetpack_social_post_already_shared":true,"jetpack_social_options":{"image_generator_settings":{"template":"highway","default_image_id":0,"font":"","enabled":false},"version":2}},"categories":[23],"tags":[],"class_list":["post-5542","post","type-post","status-publish","format-standard","has-post-thumbnail","hentry","category-actividadesnahle"],"jetpack_publicize_connections":[],"jetpack_featured_media_url":"https:\/\/veracruzanosexcepcionahles.com\/wp-content\/uploads\/2025\/03\/WhatsApp-Image-2025-03-21-at-11.31.20-AM-scaled.jpeg","jetpack_sharing_enabled":true,"jetpack_likes_enabled":true,"jetpack_shortlink":"https:\/\/wp.me\/pe8dhK-1ro","_links":{"self":[{"href":"https:\/\/veracruzanosexcepcionahles.com\/index.php\/wp-json\/wp\/v2\/posts\/5542","targetHints":{"allow":["GET"]}}],"collection":[{"href":"https:\/\/veracruzanosexcepcionahles.com\/index.php\/wp-json\/wp\/v2\/posts"}],"about":[{"href":"https:\/\/veracruzanosexcepcionahles.com\/index.php\/wp-json\/wp\/v2\/types\/post"}],"author":[{"embeddable":true,"href":"https:\/\/veracruzanosexcepcionahles.com\/index.php\/wp-json\/wp\/v2\/users\/2"}],"replies":[{"embeddable":true,"href":"https:\/\/veracruzanosexcepcionahles.com\/index.php\/wp-json\/wp\/v2\/comments?post=5542"}],"version-history":[{"count":1,"href":"https:\/\/veracruzanosexcepcionahles.com\/index.php\/wp-json\/wp\/v2\/posts\/5542\/revisions"}],"predecessor-version":[{"id":5544,"href":"https:\/\/veracruzanosexcepcionahles.com\/index.php\/wp-json\/wp\/v2\/posts\/5542\/revisions\/5544"}],"wp:featuredmedia":[{"embeddable":true,"href":"https:\/\/veracruzanosexcepcionahles.com\/index.php\/wp-json\/wp\/v2\/media\/5543"}],"wp:attachment":[{"href":"https:\/\/veracruzanosexcepcionahles.com\/index.php\/wp-json\/wp\/v2\/media?parent=5542"}],"wp:term":[{"taxonomy":"category","embeddable":true,"href":"https:\/\/veracruzanosexcepcionahles.com\/index.php\/wp-json\/wp\/v2\/categories?post=5542"},{"taxonomy":"post_tag","embeddable":true,"href":"https:\/\/veracruzanosexcepcionahles.com\/index.php\/wp-json\/wp\/v2\/tags?post=5542"}],"curies":[{"name":"wp","href":"https:\/\/api.w.org\/{rel}","templated":true}]}}