{"id":5539,"date":"2025-03-21T11:36:03","date_gmt":"2025-03-21T17:36:03","guid":{"rendered":"https:\/\/veracruzanosexcepcionahles.com\/?p=5539"},"modified":"2025-03-21T11:36:04","modified_gmt":"2025-03-21T17:36:04","slug":"eden-munoz-enciende-el-nicho-de-la-musica-en-cumbre-tajin-2025","status":"publish","type":"post","link":"https:\/\/veracruzanosexcepcionahles.com\/index.php\/2025\/03\/21\/eden-munoz-enciende-el-nicho-de-la-musica-en-cumbre-tajin-2025\/","title":{"rendered":"Eden Mu\u00f1oz enciende el Nicho de la M\u00fasica en Cumbre Taj\u00edn 2025"},"content":{"rendered":"\n<p>Papantla, Ver., jueves 20 de marzo de 2025.- El cantante y compositor Eden Mu\u00f1oz encendi\u00f3 la noche de este jueves, al ritmo del regional mexicano, el Nicho de la M\u00fasica en la edici\u00f3n 25 de Cumbre Taj\u00edn.<\/p>\n\n\n\n<p>El Parque Takilhsukut vibr\u00f3 esta noche posicionando una vez m\u00e1s este escenario como uno de los mejores del mundo.<\/p>\n\n\n\n<p>\u2018Cumbre Taj\u00edn Tachan\u00e1n, la siembra para el mundo\u2019, fue testigo del lleno total que se registr\u00f3 esta noche para disfrutar de los \u00e9xitos del cantante quien tras interpretar su tema \u2018Como quieras quiero\u2019, destac\u00f3 su agradecimiento e inter\u00e9s por acudir a esta celebraci\u00f3n como parte de su gira Como en los viejos tiempos Tour, &#8220;ten\u00eda un mont\u00f3n de ganas de venir a Veracruz, me da un mont\u00f3n de gusto lo que ha crecido Cumbre Taj\u00edn y que siga siendo un recinto en el que podamos venir a tocar nuestra m\u00fasica&#8221;.<\/p>\n\n\n\n<p>Previo al concierto, el p\u00fablico fue deleitado por las agrupaciones Ensamble Huasteco e Impacto Norte\u00f1o.<\/p>\n\n\n\n<p>Este viernes 21 de marzo, el Nicho de la m\u00fasica presentar\u00e1 a la Escuela Superior de Artes de Veracruz (ESAV), el Ballet Folcklorico \u201cXochipilli\u201d, \u201cLa Cachimba Cumbia\u201d y para cerrar esta jornada el grupo regiomontano \u201cLa Casetera\u201d<\/p>\n","protected":false},"excerpt":{"rendered":"<p>Papantla, Ver., jueves 20 de marzo de 2025.- El cantante y compositor Eden Mu\u00f1oz encendi\u00f3 la noche de este jueves, al ritmo del regional mexicano, el Nicho de la M\u00fasica en la edici\u00f3n 25 de Cumbre Taj\u00edn. El Parque Takilhsukut vibr\u00f3 esta noche posicionando una vez m\u00e1s este escenario como uno de los mejores del&#8230;<\/p>\n","protected":false},"author":2,"featured_media":5540,"comment_status":"closed","ping_status":"closed","sticky":false,"template":"","format":"standard","meta":{"_jetpack_memberships_contains_paid_content":false,"footnotes":"","jetpack_publicize_message":"","jetpack_publicize_feature_enabled":true,"jetpack_social_post_already_shared":true,"jetpack_social_options":{"image_generator_settings":{"template":"highway","default_image_id":0,"font":"","enabled":false},"version":2}},"categories":[2],"tags":[],"class_list":["post-5539","post","type-post","status-publish","format-standard","has-post-thumbnail","hentry","category-gobiernoestatal"],"jetpack_publicize_connections":[],"jetpack_featured_media_url":"https:\/\/veracruzanosexcepcionahles.com\/wp-content\/uploads\/2025\/03\/WhatsApp-Image-2025-03-20-at-10.14.10-PM-scaled.jpeg","jetpack_sharing_enabled":true,"jetpack_likes_enabled":true,"jetpack_shortlink":"https:\/\/wp.me\/pe8dhK-1rl","_links":{"self":[{"href":"https:\/\/veracruzanosexcepcionahles.com\/index.php\/wp-json\/wp\/v2\/posts\/5539","targetHints":{"allow":["GET"]}}],"collection":[{"href":"https:\/\/veracruzanosexcepcionahles.com\/index.php\/wp-json\/wp\/v2\/posts"}],"about":[{"href":"https:\/\/veracruzanosexcepcionahles.com\/index.php\/wp-json\/wp\/v2\/types\/post"}],"author":[{"embeddable":true,"href":"https:\/\/veracruzanosexcepcionahles.com\/index.php\/wp-json\/wp\/v2\/users\/2"}],"replies":[{"embeddable":true,"href":"https:\/\/veracruzanosexcepcionahles.com\/index.php\/wp-json\/wp\/v2\/comments?post=5539"}],"version-history":[{"count":1,"href":"https:\/\/veracruzanosexcepcionahles.com\/index.php\/wp-json\/wp\/v2\/posts\/5539\/revisions"}],"predecessor-version":[{"id":5541,"href":"https:\/\/veracruzanosexcepcionahles.com\/index.php\/wp-json\/wp\/v2\/posts\/5539\/revisions\/5541"}],"wp:featuredmedia":[{"embeddable":true,"href":"https:\/\/veracruzanosexcepcionahles.com\/index.php\/wp-json\/wp\/v2\/media\/5540"}],"wp:attachment":[{"href":"https:\/\/veracruzanosexcepcionahles.com\/index.php\/wp-json\/wp\/v2\/media?parent=5539"}],"wp:term":[{"taxonomy":"category","embeddable":true,"href":"https:\/\/veracruzanosexcepcionahles.com\/index.php\/wp-json\/wp\/v2\/categories?post=5539"},{"taxonomy":"post_tag","embeddable":true,"href":"https:\/\/veracruzanosexcepcionahles.com\/index.php\/wp-json\/wp\/v2\/tags?post=5539"}],"curies":[{"name":"wp","href":"https:\/\/api.w.org\/{rel}","templated":true}]}}